{"id":75770,"date":"2020-02-11T08:55:44","date_gmt":"2020-02-11T13:55:44","guid":{"rendered":"https:\/\/linitiative.ca\/International\/logipole-souss-massa-lance-un-diagnostic-sur-la-logistique-dans-la-region\/"},"modified":"2020-02-11T08:55:44","modified_gmt":"2020-02-11T13:55:44","slug":"logipole-souss-massa-lance-un-diagnostic-sur-la-logistique-dans-la-region","status":"publish","type":"post","link":"https:\/\/linitiative.ca\/International\/logipole-souss-massa-lance-un-diagnostic-sur-la-logistique-dans-la-region\/","title":{"rendered":"Logipole Souss-Massa lance un diagnostic  sur la logistique dans la r\u00e9gion"},"content":{"rendered":"<p><img decoding=\"async\" class=\"post_layout_5_img\" src=\"http:\/\/aujourdhui.ma\/wp-content\/uploads\/2020\/02\/Logipole-Souss-Massa.jpg?x29840\" alt=\"Logipole Souss-Massa lance un diagnostic sur la logistique dans la r\u00e9gion\"\/><\/p>\n<p class=\"p1\"><span class=\"c5\"><strong><span class=\"c4\"><em>Premier cluster d\u00e9di\u00e9 au d\u00e9veloppement de la logistique et transport au Maroc<\/em><\/span><\/strong><\/span><span id=\"more-332744\"\/><\/p>\n<p class=\"p1\"><span class=\"s1\">Logipole Souss-Massa lance le premier diagnostic sectoriel sur la logistique dans la r\u00e9gion et qui a pour objectif de fournir des donn\u00e9es statistiques quantitatives et qualitatives sp\u00e9cifiques au secteur de la logistique, identifier les d\u00e9fis et enjeux relatifs \u00e0 l\u2019offre et \u00e0 la demande logistiques et les opportunit\u00e9s de d\u00e9veloppement.<\/span><\/p>\n<p class=\"p1\"><span class=\"s1\">Logipole Souss-Massa a retenu pour la r\u00e9alisation de ce diagnostic le bureau d\u2019\u00e9tude Cabinet Vecteurs qui lors de la premi\u00e8re r\u00e9union de cadrage tenue derni\u00e8rement a pr\u00e9sent\u00e9 la note m\u00e9thodologique relative \u00e0 la r\u00e9alisation de l\u2019\u00e9tude. A cette r\u00e9union \u00e9taient repr\u00e9sent\u00e9s le Conseil r\u00e9gional Souss-Massa \u00e0 travers le pr\u00e9sident de la Commission du d\u00e9veloppement \u00e9conomique et l\u2019Agence marocaine de d\u00e9veloppement de la logistique par ses \u00e9quipes des deux directions : Strat\u00e9gie-\u00e9tudes et Op\u00e9rateurs et cha\u00eenes logistiques.<\/span><\/p>\n<p class=\"p1\"><span class=\"s1\">Ce diagnostic se d\u00e9roulera en 4 missions pour avoir vers la fin les livrables suivants : note m\u00e9thodologique et planning d\u2019intervention, rapport du diagnostic sectoriel logistique de la r\u00e9gion Souss-Massa, rapport synth\u00e9tique et bilan de l\u2019\u00e9tude et pour la derni\u00e8re mission de l\u2019\u00e9tude un plan de d\u00e9veloppement.<\/span><\/p>\n<p class=\"p1\"><span class=\"s1\">Premier cluster d\u00e9di\u00e9 au d\u00e9veloppement de la logistique et transport au Maroc, Logipole Souss-Massa regroupe les professionnels du domaine et constitue une plate-forme transversale et une force de proposition pour toutes les initiatives de d\u00e9veloppement logistique aux niveaux r\u00e9gional et national. Cr\u00e9\u00e9 en 2013 par le Conseil r\u00e9gional Souss-Massa et ses partenaires institutionnels, Logipole a comme mission la promotion de la comp\u00e9titivit\u00e9 logistique des entreprises de la r\u00e9gion Souss-Massa. L\u2019objectif g\u00e9n\u00e9ral est de renforcer la performance exportatrice de la r\u00e9gion et consolider son attractivit\u00e9 \u00e9conomique, en stimulant des projets innovants.<\/span><\/p>\n<p class=\"p1\"><span class=\"s1\">Pour rappel, la<span class=\"Apple-converted-space\">\u00a0<\/span> strat\u00e9gie nationale de d\u00e9veloppement de la comp\u00e9titivit\u00e9 logistique port\u00e9e par le minist\u00e8re de l\u2019\u00e9quipement, du transport, de la logistique et de l\u2019eau pr\u00e9voit<span class=\"Apple-converted-space\">\u00a0<\/span> le d\u00e9veloppement de deux zones logistiques au sud d\u2019Ait Melloul (172 ha) et au niveau de Tagadirt\/Haliopolis (70 ha). Chacune de ces deux zones devrait jouer un r\u00f4le particulier dans la structuration de la logistique dans la r\u00e9gion du Souss-Massa.<\/span><\/p>\n<p class=\"p1\"><span class=\"s1\">Les principales fonctions de ces deux zones logistiques consistent, d\u2019une part, en la massification des diff\u00e9rents flux logistiques dans la r\u00e9gion et d\u2019autre part, en l\u2019\u00e9clatement des diff\u00e9rents produits vers les diff\u00e9rentes destinations internationales. Et vont abriter des espaces logistiques (parc logistique locatif nouvelle g\u00e9n\u00e9ration, parc locatif PME\/PMI et stockage interm\u00e9diaire, grandes parcelles pour activit\u00e9s logistiques sp\u00e9cifiques). Sont au programme \u00e9galement des espaces pour les services (centre routier, p\u00f4le d\u2019accueil et de services aux personnes et aux entreprises et une parcelle d\u00e9di\u00e9e au centre de formation).<\/span><\/p>\n<p>Auteur: Mohamed Laabid<br \/>\n<a href=\"http:\/\/aujourdhui.ma\/economie\/logipole-souss-massa-lance-un-diagnostic-sur-la-logistique-dans-la-region\">Cliquez ici pour lire l&rsquo;article depuis sa source.<\/a><\/p>\n","protected":false},"excerpt":{"rendered":"<p>Premier cluster d\u00e9di\u00e9 au d\u00e9veloppement de la logistique et transport au Maroc Logipole Souss-Massa lance le premier diagnostic sectoriel sur la logistique dans la r\u00e9gion et qui a pour objectif de fournir des donn\u00e9es statistiques quantitatives et qualitatives sp\u00e9cifiques au secteur de la logistique, identifier les d\u00e9fis et enjeux relatifs \u00e0 l\u2019offre et \u00e0 la [&hellip;]<\/p>\n","protected":false},"author":1759,"featured_media":0,"comment_status":"closed","ping_status":"closed","sticky":false,"template":"","format":"standard","meta":{"fifu_image_url":"","fifu_image_alt":"","footnotes":""},"categories":[73,54],"tags":[],"class_list":["post-75770","post","type-post","status-publish","format-standard","hentry","category-actualite","category-maroc"],"_links":{"self":[{"href":"https:\/\/linitiative.ca\/International\/wp-json\/wp\/v2\/posts\/75770","targetHints":{"allow":["GET"]}}],"collection":[{"href":"https:\/\/linitiative.ca\/International\/wp-json\/wp\/v2\/posts"}],"about":[{"href":"https:\/\/linitiative.ca\/International\/wp-json\/wp\/v2\/types\/post"}],"author":[{"embeddable":true,"href":"https:\/\/linitiative.ca\/International\/wp-json\/wp\/v2\/users\/1759"}],"replies":[{"embeddable":true,"href":"https:\/\/linitiative.ca\/International\/wp-json\/wp\/v2\/comments?post=75770"}],"version-history":[{"count":0,"href":"https:\/\/linitiative.ca\/International\/wp-json\/wp\/v2\/posts\/75770\/revisions"}],"wp:attachment":[{"href":"https:\/\/linitiative.ca\/International\/wp-json\/wp\/v2\/media?parent=75770"}],"wp:term":[{"taxonomy":"category","embeddable":true,"href":"https:\/\/linitiative.ca\/International\/wp-json\/wp\/v2\/categories?post=75770"},{"taxonomy":"post_tag","embeddable":true,"href":"https:\/\/linitiative.ca\/International\/wp-json\/wp\/v2\/tags?post=75770"}],"curies":[{"name":"wp","href":"https:\/\/api.w.org\/{rel}","templated":true}]}}