{"id":75775,"date":"2020-02-11T06:05:01","date_gmt":"2020-02-11T11:05:01","guid":{"rendered":"https:\/\/linitiative.ca\/International\/la-marche-de-la-colere\/"},"modified":"2020-02-11T06:05:01","modified_gmt":"2020-02-11T11:05:01","slug":"la-marche-de-la-colere","status":"publish","type":"post","link":"https:\/\/linitiative.ca\/International\/la-marche-de-la-colere\/","title":{"rendered":"La marche de la col\u00e8re!"},"content":{"rendered":"<p class=\"has-text-color c2\"><strong>Le peuple marocain, toutes composantes confondues, vient de marcher encore une fois, dans les art\u00e8res de la capitale du pays. Une tradition d\u00e9cennale qui ne faillit gu\u00e8re \u00e0 ses principes in\u00e9branlables \u00e0 l\u2019adresse de la cause palestinienne.<\/strong><\/p>\n<p>Une terre usurp\u00e9e et une identit\u00e9 s\u00e9culaire que la spoliation sioniste et ses acolytes imp\u00e9rialistes a jur\u00e9 de tenter de broyer \u00e0 jamais. Une fois n\u2019est pas coutume, sous le soleil de plomb de ce temps dominical, la marche de la col\u00e8re a jalonn\u00e9 les rues et arbor\u00e9 les col\u00e8res de la population, indign\u00e9e par les sauvageries de l\u2019occupation despotique qui extermine et embrase des vies humaines et des lopins de terres, sans vergogne, devant la r\u00e9signation honteuse et la d\u00e9robade inf\u00e2me de toute la sph\u00e8re gouvernante de la r\u00e9gion.<\/p>\n<p>Certes, ils sont nombreux qui s\u2019accordent \u00e0 dire que ces mouvements de solidarit\u00e9 en direction de la Palestine sont vains, puisque les d\u00e9s sont d\u00e9j\u00e0 jet\u00e9s et que la premi\u00e8re puissance du monde n\u2019est pas pr\u00e9disposer \u00e0 l\u00e2cher prise dans la r\u00e9gion pour maintenir ses int\u00e9r\u00eats.<\/p>\n<p>Cependant, depuis des lustres, le peuple marocain ne cessait jamais de se conduire en fervent et ardent marcheur en compassion de ceux qui p\u00e9rissent, chaque jour, sous les balles tra\u00eetresses et les obus l\u00e2ches de la barbarie sioniste. Il continue \u00e0 fustiger, avec v\u00e9h\u00e9mence et pugnacit\u00e9, les assauts barbares du cynisme sioniste, sous l\u2019\u00e9gide de l\u2019h\u00e9g\u00e9monie imp\u00e9rialiste.<\/p>\n<p>Cette sympathie ne s\u2019est jamais ramollie, encore mous dissip\u00e9e envers les palestiniens qui se disloquent devant le mutisme complice de la communaut\u00e9 environnante.<\/p>\n<p>A quoi bon continuer \u00e0 marcher pour cette question \u00e9trang\u00e8res, alors que chez nous, de nombreux probl\u00e8mes li\u00e9s au peuple, ne sont pas encore r\u00e9solus\u00a0?, diraient certains esprits born\u00e9s. Le peuple marocain fait la part des choses, quand il s\u2019agit de rejeter le fun\u00e8bre \u00abaccord du si\u00e8cle\u00bb, au d\u00e9triment du peuple palestinien, mais aussi de toute l\u2019humanit\u00e9, adepte de la paix. Il s\u2019insurge contre les d\u00e9cideurs de son pays lorsque ses int\u00e9r\u00eats l\u00e9gitimes sont bafou\u00e9s. Il se r\u00e9volte pour maintenir les r\u00e9f\u00e9rentiels identitaires de l\u2019amazighit\u00e9 contre tout pi\u00e9tinement. Il se scandalise contre les actes terroristes qui s\u2019\u00e9l\u00e8vent sur ses terres, m\u00eames si les victimes sont des scandinaves. Il se r\u00e9volte contre Ban ki moon, lorsqu\u2019il a os\u00e9 \u00absouiller\u00bb la marocanit\u00e9 de sa cause nationale\u2026 Le peuple marocain marchera toujours pour la solidarit\u00e9 avec les peuples opprim\u00e9s, pour la libert\u00e9, la justice et le progr\u00e8s de sa Nation\u2026<\/p>\n<p>Auteur: M&rsquo;hammed rahal<br \/>\n<a href=\"http:\/\/albayane.press.ma\/la-marche-de-la-colere.html\">Cliquez ici pour lire l&rsquo;article depuis sa source.<\/a><\/p>\n","protected":false},"excerpt":{"rendered":"<p>Le peuple marocain, toutes composantes confondues, vient de marcher encore une fois, dans les art\u00e8res de la capitale du pays. Une tradition d\u00e9cennale qui ne faillit gu\u00e8re \u00e0 ses principes in\u00e9branlables \u00e0 l\u2019adresse de la cause palestinienne. Une terre usurp\u00e9e et une identit\u00e9 s\u00e9culaire que la spoliation sioniste et ses acolytes imp\u00e9rialistes a jur\u00e9 de [&hellip;]<\/p>\n","protected":false},"author":1760,"featured_media":0,"comment_status":"closed","ping_status":"closed","sticky":false,"template":"","format":"standard","meta":{"fifu_image_url":"","fifu_image_alt":"","footnotes":""},"categories":[73,54],"tags":[],"class_list":["post-75775","post","type-post","status-publish","format-standard","hentry","category-actualite","category-maroc"],"_links":{"self":[{"href":"https:\/\/linitiative.ca\/International\/wp-json\/wp\/v2\/posts\/75775","targetHints":{"allow":["GET"]}}],"collection":[{"href":"https:\/\/linitiative.ca\/International\/wp-json\/wp\/v2\/posts"}],"about":[{"href":"https:\/\/linitiative.ca\/International\/wp-json\/wp\/v2\/types\/post"}],"author":[{"embeddable":true,"href":"https:\/\/linitiative.ca\/International\/wp-json\/wp\/v2\/users\/1760"}],"replies":[{"embeddable":true,"href":"https:\/\/linitiative.ca\/International\/wp-json\/wp\/v2\/comments?post=75775"}],"version-history":[{"count":0,"href":"https:\/\/linitiative.ca\/International\/wp-json\/wp\/v2\/posts\/75775\/revisions"}],"wp:attachment":[{"href":"https:\/\/linitiative.ca\/International\/wp-json\/wp\/v2\/media?parent=75775"}],"wp:term":[{"taxonomy":"category","embeddable":true,"href":"https:\/\/linitiative.ca\/International\/wp-json\/wp\/v2\/categories?post=75775"},{"taxonomy":"post_tag","embeddable":true,"href":"https:\/\/linitiative.ca\/International\/wp-json\/wp\/v2\/tags?post=75775"}],"curies":[{"name":"wp","href":"https:\/\/api.w.org\/{rel}","templated":true}]}}