{"id":75776,"date":"2020-02-11T06:10:04","date_gmt":"2020-02-11T11:10:04","guid":{"rendered":"https:\/\/linitiative.ca\/International\/abdellatif-ouahbi-nouveau-secretaire-general-du-pam\/"},"modified":"2020-02-11T06:10:04","modified_gmt":"2020-02-11T11:10:04","slug":"abdellatif-ouahbi-nouveau-secretaire-general-du-pam","status":"publish","type":"post","link":"https:\/\/linitiative.ca\/International\/abdellatif-ouahbi-nouveau-secretaire-general-du-pam\/","title":{"rendered":"Abdellatif Ouahbi nouveau secr\u00e9taire g\u00e9n\u00e9ral du PAM"},"content":{"rendered":"<p class=\"has-text-color c2\"><strong>Abdellatif Ouahbi, candidat unique, a \u00e9t\u00e9 \u00e9lu, dimanche, nouveau secr\u00e9taire g\u00e9n\u00e9ral du Parti Authenticit\u00e9 et Modernit\u00e9 (PAM), au terme du quatri\u00e8me congr\u00e8s national de cette formation politique, tenu \u00e0 El Jadida.<\/strong><\/p>\n<p>Ouahbi, d\u00e9put\u00e9 \u00e0 la Chambre des repr\u00e9sentants, a \u00e9t\u00e9 pl\u00e9biscit\u00e9 par les congressistes, suite au retrait des autres candidats \u00e0 la succession du secr\u00e9taire g\u00e9n\u00e9ral sortant, Hakim Benchemach.<\/p>\n<p>Avocat au barreau de Rabat, Me Ouahbi est l\u2019un des dirigeants les plus en vue du Parti Authenticit\u00e9 et Modernit\u00e9 au cours des derni\u00e8res ann\u00e9es, se distinguant par son activisme sous la coupole et sur la sc\u00e8ne m\u00e9diatique.<\/p>\n<p>Dans sa premi\u00e8re r\u00e9action, Abdellatif Ouahbi s\u2019est dit conscient du \u00ab\u00a0grand d\u00e9fi qui l\u2019attend\u00a0\u00bb et salu\u00e9 le travail accompli par son pr\u00e9d\u00e9cesseur \u00e0 la t\u00eate de la deuxi\u00e8me force parlementaire du pays.<\/p>\n<p>Le nouveau secr\u00e9taire g\u00e9n\u00e9ral a appel\u00e9 \u00ab\u00a0l\u2019ensemble des partis \u00e0 se mettre au service de la Nation et du peuple\u00a0\u00bb, d\u00e9clarant \u00ab\u00a0tendre la main \u00e0 tous les acteurs politiques\u00a0\u00bb \u00e0 cette fin.<\/p>\n<p>Par ailleurs, Mme Fatima Zahra Mansouri a \u00e9t\u00e9 \u00e9galement pl\u00e9biscit\u00e9e comme pr\u00e9sidente du Conseil national du PAM, apr\u00e8s le d\u00e9sistement des trois autres candidats juste avant le d\u00e9but de l\u2019op\u00e9ration de vote.<\/p>\n<p>A rappeler que la s\u00e9ance inaugurale a \u00e9t\u00e9 \u00e9maill\u00e9e, vendredi, d\u2019incidents dans le sillage des tensions persistantes entre les courants du parti autour de questions organisationnelles se rapportant au congr\u00e8s.<\/p>\n<p>Auteur: M&rsquo;hammed rahal<br \/>\n<a href=\"http:\/\/albayane.press.ma\/abdellatif-ouahbi-nouveau-secretaire-general-du-pam.html\">Cliquez ici pour lire l&rsquo;article depuis sa source.<\/a><\/p>\n","protected":false},"excerpt":{"rendered":"<p>Abdellatif Ouahbi, candidat unique, a \u00e9t\u00e9 \u00e9lu, dimanche, nouveau secr\u00e9taire g\u00e9n\u00e9ral du Parti Authenticit\u00e9 et Modernit\u00e9 (PAM), au terme du quatri\u00e8me congr\u00e8s national de cette formation politique, tenu \u00e0 El Jadida. Ouahbi, d\u00e9put\u00e9 \u00e0 la Chambre des repr\u00e9sentants, a \u00e9t\u00e9 pl\u00e9biscit\u00e9 par les congressistes, suite au retrait des autres candidats \u00e0 la succession du secr\u00e9taire [&hellip;]<\/p>\n","protected":false},"author":1760,"featured_media":0,"comment_status":"closed","ping_status":"closed","sticky":false,"template":"","format":"standard","meta":{"fifu_image_url":"","fifu_image_alt":"","footnotes":""},"categories":[73,54],"tags":[],"class_list":["post-75776","post","type-post","status-publish","format-standard","hentry","category-actualite","category-maroc"],"_links":{"self":[{"href":"https:\/\/linitiative.ca\/International\/wp-json\/wp\/v2\/posts\/75776","targetHints":{"allow":["GET"]}}],"collection":[{"href":"https:\/\/linitiative.ca\/International\/wp-json\/wp\/v2\/posts"}],"about":[{"href":"https:\/\/linitiative.ca\/International\/wp-json\/wp\/v2\/types\/post"}],"author":[{"embeddable":true,"href":"https:\/\/linitiative.ca\/International\/wp-json\/wp\/v2\/users\/1760"}],"replies":[{"embeddable":true,"href":"https:\/\/linitiative.ca\/International\/wp-json\/wp\/v2\/comments?post=75776"}],"version-history":[{"count":0,"href":"https:\/\/linitiative.ca\/International\/wp-json\/wp\/v2\/posts\/75776\/revisions"}],"wp:attachment":[{"href":"https:\/\/linitiative.ca\/International\/wp-json\/wp\/v2\/media?parent=75776"}],"wp:term":[{"taxonomy":"category","embeddable":true,"href":"https:\/\/linitiative.ca\/International\/wp-json\/wp\/v2\/categories?post=75776"},{"taxonomy":"post_tag","embeddable":true,"href":"https:\/\/linitiative.ca\/International\/wp-json\/wp\/v2\/tags?post=75776"}],"curies":[{"name":"wp","href":"https:\/\/api.w.org\/{rel}","templated":true}]}}