{"id":75777,"date":"2020-02-11T08:12:20","date_gmt":"2020-02-11T13:12:20","guid":{"rendered":"https:\/\/linitiative.ca\/International\/33eme-sommet-de-lua-bachtobji-expose-la-vision-de-la-tunisie\/"},"modified":"2020-02-11T08:12:20","modified_gmt":"2020-02-11T13:12:20","slug":"33eme-sommet-de-lua-bachtobji-expose-la-vision-de-la-tunisie","status":"publish","type":"post","link":"https:\/\/linitiative.ca\/International\/33eme-sommet-de-lua-bachtobji-expose-la-vision-de-la-tunisie\/","title":{"rendered":"33\u00e8me Sommet de l\u2019UA :  Bachtobji expose la vision de la Tunisie"},"content":{"rendered":"<p>La Tunisie a r\u00e9affirm\u00e9, \u00e0 l\u2019occasion du 33\u00e8me Sommet de l\u2019Union Africaine, sa volont\u00e9 de promouvoir ses relations historiques avec tous les pays du continent africain et \u00e0 tous les niveaux, consacrant ainsi sa profondeur africaine tout en \u00e9tant consciente de la capacit\u00e9 du continent \u00e0 relever les d\u00e9fis du d\u00e9veloppement et \u00e0 r\u00e9aliser le progr\u00e8s.<\/p>\n<p>Le secr\u00e9taire d\u2019Etat aux Affaires \u00e9trang\u00e8res, Sabri Bachtobji a estim\u00e9 lors de la s\u00e9ance pl\u00e9ni\u00e8re de la 33\u00e8me session de la Conf\u00e9rence des chefs d\u2019Etat et de gouvernement de l\u2019Union Africaine, que la tenue du Sommet de l\u2019organisation panafricaine cette ann\u00e9e sous le th\u00e8me \u00ab Faire taire les armes et cr\u00e9er des conditions propices au d\u00e9veloppement de l\u2019Afrique \u00bb, souligne la conscience et la volont\u00e9 des dirigeants africains de g\u00e9rer qualitativement les crises que traversent certains pays africains.<\/p>\n<p>\u00ab Il est question de r\u00e9soudre les conflits arm\u00e9s et de contenir l\u2019expansion des zones de tensions dans un cadre afro-africain bas\u00e9 sur le consensus, la concertation et les solutions pacifiques \u00bb, a soulign\u00e9 Bachtobji.<\/p>\n<p>Le secr\u00e9taire d\u2019Etat a mis \u00e9galement l\u2019accent sur l\u2019importance qu\u2019accorde la Tunisie \u00e0 la r\u00e9solution de la crise libyenne, faisant observer que la poursuite du conflit dans ce pays fr\u00e8re aura des r\u00e9percussions dangereuses sur la Tunisie et les pays du voisinage aux niveaux s\u00e9curitaire, \u00e9conomique et humanitaire.<\/p>\n<p>Les travaux de la 33\u00e8me session ordinaire de la Conf\u00e9rence des chefs d\u2019Etat et de gouvernement, tenue dans la capitale Addis Abeba les 9 et 10 f\u00e9vrier 2020 a \u00e9t\u00e9 l\u2019occasion pour passer en revue les dossiers concernant la r\u00e9forme des institutions de l\u2019UA, la mise en place de la zone de libre \u00e9change en Afrique, les questions de paix et de s\u00e9curit\u00e9 dans le continent et l\u2019\u00e9lection d\u2019un nouveau pr\u00e9sident de l\u2019UA pour l\u2019ann\u00e9e 2020.<\/p>\n<p>Le pr\u00e9sident de la R\u00e9publique Ka\u00efs Sa\u00efed avait charg\u00e9 Sabri Bachtobji de le repr\u00e9senter au Sommet, \u00e0 cause d\u2019un malaise de sant\u00e9, rappelle-t-on.<\/p>\n<div class=\"wp-post-author-wrap wp-post-author-shortcode left\">\n<h3 class=\"awpa-title\"\/>\n<div class=\"wp-post-author\">\n<div class=\"awpa-img awpa-author-block square\"><a href=\"http:\/\/lexpertjournal.net\/fr\/author\/expert\/\"><img loading=\"lazy\" decoding=\"async\" alt=\"\" src=\"http:\/\/0.gravatar.com\/avatar\/c828f0b17d24309f0d01a4eac3747085?s=150&#038;d=mm&#038;r=g\" srcset=\"http:\/\/0.gravatar.com\/avatar\/c828f0b17d24309f0d01a4eac3747085?s=300&#038;d=mm&#038;r=g 2x\" class=\"avatar avatar-150 photo\" height=\"150\" width=\"150\"\/><\/a><\/div>\n<\/div>\n<\/div>\n<p>Auteur: L&rsquo;expert<br \/>\n<a href=\"http:\/\/lexpertjournal.net\/fr\/2020\/02\/11\/33eme-sommet-de-lua-bachtobji-expose-la-vision-de-la-tunisie\/\">Cliquez ici pour lire l&rsquo;article depuis sa source.<\/a><\/p>\n","protected":false},"excerpt":{"rendered":"<p>La Tunisie a r\u00e9affirm\u00e9, \u00e0 l\u2019occasion du 33\u00e8me Sommet de l\u2019Union Africaine, sa volont\u00e9 de promouvoir ses relations historiques avec tous les pays du continent africain et \u00e0 tous les niveaux, consacrant ainsi sa profondeur africaine tout en \u00e9tant consciente de la capacit\u00e9 du continent \u00e0 relever les d\u00e9fis du d\u00e9veloppement et \u00e0 r\u00e9aliser le [&hellip;]<\/p>\n","protected":false},"author":1775,"featured_media":0,"comment_status":"closed","ping_status":"closed","sticky":false,"template":"","format":"standard","meta":{"fifu_image_url":"","fifu_image_alt":"","footnotes":""},"categories":[78,55],"tags":[],"class_list":["post-75777","post","type-post","status-publish","format-standard","hentry","category-economie","category-tunisie"],"_links":{"self":[{"href":"https:\/\/linitiative.ca\/International\/wp-json\/wp\/v2\/posts\/75777","targetHints":{"allow":["GET"]}}],"collection":[{"href":"https:\/\/linitiative.ca\/International\/wp-json\/wp\/v2\/posts"}],"about":[{"href":"https:\/\/linitiative.ca\/International\/wp-json\/wp\/v2\/types\/post"}],"author":[{"embeddable":true,"href":"https:\/\/linitiative.ca\/International\/wp-json\/wp\/v2\/users\/1775"}],"replies":[{"embeddable":true,"href":"https:\/\/linitiative.ca\/International\/wp-json\/wp\/v2\/comments?post=75777"}],"version-history":[{"count":0,"href":"https:\/\/linitiative.ca\/International\/wp-json\/wp\/v2\/posts\/75777\/revisions"}],"wp:attachment":[{"href":"https:\/\/linitiative.ca\/International\/wp-json\/wp\/v2\/media?parent=75777"}],"wp:term":[{"taxonomy":"category","embeddable":true,"href":"https:\/\/linitiative.ca\/International\/wp-json\/wp\/v2\/categories?post=75777"},{"taxonomy":"post_tag","embeddable":true,"href":"https:\/\/linitiative.ca\/International\/wp-json\/wp\/v2\/tags?post=75777"}],"curies":[{"name":"wp","href":"https:\/\/api.w.org\/{rel}","templated":true}]}}