{"id":75778,"date":"2020-02-11T08:18:29","date_gmt":"2020-02-11T13:18:29","guid":{"rendered":"https:\/\/linitiative.ca\/International\/lutte-contre-la-traite-des-personnes-session-de-formation-regionale-a-distance\/"},"modified":"2020-02-11T08:18:29","modified_gmt":"2020-02-11T13:18:29","slug":"lutte-contre-la-traite-des-personnes-session-de-formation-regionale-a-distance","status":"publish","type":"post","link":"https:\/\/linitiative.ca\/International\/lutte-contre-la-traite-des-personnes-session-de-formation-regionale-a-distance\/","title":{"rendered":"Lutte contre la traite des personnes : Session de formation r\u00e9gionale \u00e0 distance"},"content":{"rendered":"<p>L\u2019Instance nationale de lutte contre la traite des personnes (INLTP), le minist\u00e8re de la Justice et le Conseil de l\u2019Europe organisent les 13 et 14 f\u00e9vrier \u00e0 la municipalit\u00e9 de la Kasbah, une session de formation r\u00e9gionale \u00e0 distance (Help), au profit des experts juridiques de Tunisie, du Maroc et du Liban.<\/p>\n<p>Cette session de formation qui s\u2019\u00e9tale sur trois mois, se tient dans le cadre du \u00ab projet de soutien aux instances ind\u00e9pendantes en Tunisie \u00bb et le programme sur \u00ab la durabilit\u00e9 de la gouvernance d\u00e9mocratique et des droits de l\u2019Homme au Sud de la M\u00e9diterran\u00e9e \u00bb et s\u2019adresse aux magistrats, aux procureurs de la R\u00e9publique, aux avocats et aux officiers de la police judiciaire en Tunisie, au Maroc et au Liban.<\/p>\n<p>Elle a pour but de renforcer les connaissances des cat\u00e9gories cibl\u00e9es en mati\u00e8re des droits de l\u2019Homme internationaux, et de hisser leur capacit\u00e9 \u00e0 les appliquer durant l\u2019exercice de leur fonction, gr\u00e2ce \u00e0 une plateforme de formation en ligne dont la teneur consiste en une compilation de cours portant sur les l\u00e9gislations nationales appliqu\u00e9es aux diff\u00e9rentes cat\u00e9gories professionnelles et experts juridiques, outre un programme de formation portant sur la lutte contre la traite des personnes (Help), \u00e9labor\u00e9 par des formateurs tunisiens et marocains.<\/p>\n<div class=\"wp-post-author-wrap wp-post-author-shortcode left\">\n<h3 class=\"awpa-title\"\/>\n<div class=\"wp-post-author\">\n<div class=\"awpa-img awpa-author-block square\"><a href=\"http:\/\/lexpertjournal.net\/fr\/author\/expert\/\"><img loading=\"lazy\" decoding=\"async\" alt=\"\" src=\"http:\/\/0.gravatar.com\/avatar\/c828f0b17d24309f0d01a4eac3747085?s=150&#038;d=mm&#038;r=g\" srcset=\"http:\/\/0.gravatar.com\/avatar\/c828f0b17d24309f0d01a4eac3747085?s=300&#038;d=mm&#038;r=g 2x\" class=\"avatar avatar-150 photo\" height=\"150\" width=\"150\"\/><\/a><\/div>\n<\/div>\n<\/div>\n<p>Auteur: L&rsquo;expert<br \/>\n<a href=\"http:\/\/lexpertjournal.net\/fr\/2020\/02\/11\/lutte-contre-la-traite-des-personnes-session-de-formation-regionale-a-distance\/\">Cliquez ici pour lire l&rsquo;article depuis sa source.<\/a><\/p>\n","protected":false},"excerpt":{"rendered":"<p>L\u2019Instance nationale de lutte contre la traite des personnes (INLTP), le minist\u00e8re de la Justice et le Conseil de l\u2019Europe organisent les 13 et 14 f\u00e9vrier \u00e0 la municipalit\u00e9 de la Kasbah, une session de formation r\u00e9gionale \u00e0 distance (Help), au profit des experts juridiques de Tunisie, du Maroc et du Liban. Cette session de [&hellip;]<\/p>\n","protected":false},"author":1775,"featured_media":0,"comment_status":"closed","ping_status":"closed","sticky":false,"template":"","format":"standard","meta":{"fifu_image_url":"","fifu_image_alt":"","footnotes":""},"categories":[78,55],"tags":[],"class_list":["post-75778","post","type-post","status-publish","format-standard","hentry","category-economie","category-tunisie"],"_links":{"self":[{"href":"https:\/\/linitiative.ca\/International\/wp-json\/wp\/v2\/posts\/75778","targetHints":{"allow":["GET"]}}],"collection":[{"href":"https:\/\/linitiative.ca\/International\/wp-json\/wp\/v2\/posts"}],"about":[{"href":"https:\/\/linitiative.ca\/International\/wp-json\/wp\/v2\/types\/post"}],"author":[{"embeddable":true,"href":"https:\/\/linitiative.ca\/International\/wp-json\/wp\/v2\/users\/1775"}],"replies":[{"embeddable":true,"href":"https:\/\/linitiative.ca\/International\/wp-json\/wp\/v2\/comments?post=75778"}],"version-history":[{"count":0,"href":"https:\/\/linitiative.ca\/International\/wp-json\/wp\/v2\/posts\/75778\/revisions"}],"wp:attachment":[{"href":"https:\/\/linitiative.ca\/International\/wp-json\/wp\/v2\/media?parent=75778"}],"wp:term":[{"taxonomy":"category","embeddable":true,"href":"https:\/\/linitiative.ca\/International\/wp-json\/wp\/v2\/categories?post=75778"},{"taxonomy":"post_tag","embeddable":true,"href":"https:\/\/linitiative.ca\/International\/wp-json\/wp\/v2\/tags?post=75778"}],"curies":[{"name":"wp","href":"https:\/\/api.w.org\/{rel}","templated":true}]}}