{"id":75779,"date":"2020-02-11T09:21:03","date_gmt":"2020-02-11T14:21:03","guid":{"rendered":"https:\/\/linitiative.ca\/International\/mobile-world-congress-2020-a-barcelone-15-startups-et-9-pme-tunisiennes-au-rendez-vous\/"},"modified":"2020-02-11T09:21:03","modified_gmt":"2020-02-11T14:21:03","slug":"mobile-world-congress-2020-a-barcelone-15-startups-et-9-pme-tunisiennes-au-rendez-vous","status":"publish","type":"post","link":"https:\/\/linitiative.ca\/International\/mobile-world-congress-2020-a-barcelone-15-startups-et-9-pme-tunisiennes-au-rendez-vous\/","title":{"rendered":"\u00ab Mobile World Congress 2020 \u00bb \u00e0 Barcelone : 15 startups et 9 PME tunisiennes au rendez-vous"},"content":{"rendered":"<p>Quinze Startups r\u00e9unies sous l\u2019\u00e9gide du Cluster Mecatronic de Sousse et du P\u00f4le El Ghazala des Technologies de la Communication et 9 PME tunisiennes op\u00e9rant dans le secteur des services d\u00e9di\u00e9s \u00e0 la t\u00e9l\u00e9phonie mobile, participeront, pour la 8\u00e8me ann\u00e9e cons\u00e9cutive, au salon \u00ab Mobile World Congress \u00bb qui se tiendra du 24 au 27 f\u00e9vrier 2020 \u00e0 Barcelone en Espagne.<\/p>\n<p>La participation tunisienne, encadr\u00e9e par le Centre de promotion des exportations (CEPEX), vise \u00e0 renforcer le positionnement des entreprises nationales du secteur des TIC au niveau international et promouvoir la Tunisie comme \u00e9tant un hub technologique.<\/p>\n<p>Pour la premi\u00e8re fois, le programme \u00ab Smart Tunisia \u00bb sera pr\u00e9sent en tant qu\u2019exposant \u00e0 cette manifestation.<\/p>\n<p>Environ 2 400 exposants, repr\u00e9sentant des pays du monde entier et plus de 100 000 acteurs des m\u00e9tiers des TIC sont attendus au salon MWC 2020.<\/p>\n<p>Des applications d\u2019ing\u00e9nierie, des services financiers, des solutions de Business intelligence et de divertissement digital\u2026 seront expos\u00e9s \u00e0 ce salon qui s\u2019affirme comme le rendez-vous incontournable de l\u2019industrie internationale du mobile.<\/p>\n<div class=\"wp-post-author-wrap wp-post-author-shortcode left\">\n<h3 class=\"awpa-title\"\/>\n<div class=\"wp-post-author\">\n<div class=\"awpa-img awpa-author-block square\"><a href=\"http:\/\/lexpertjournal.net\/fr\/author\/expert\/\"><img loading=\"lazy\" decoding=\"async\" alt=\"\" src=\"http:\/\/0.gravatar.com\/avatar\/c828f0b17d24309f0d01a4eac3747085?s=150&#038;d=mm&#038;r=g\" srcset=\"http:\/\/0.gravatar.com\/avatar\/c828f0b17d24309f0d01a4eac3747085?s=300&#038;d=mm&#038;r=g 2x\" class=\"avatar avatar-150 photo\" height=\"150\" width=\"150\"\/><\/a><\/div>\n<\/div>\n<\/div>\n<p>Auteur: L&rsquo;expert<br \/>\n<a href=\"http:\/\/lexpertjournal.net\/fr\/2020\/02\/11\/mobile-world-congress-2020-a-barcelone-15-startups-et-9-pme-tunisiennes-au-rendez-vous\/\">Cliquez ici pour lire l&rsquo;article depuis sa source.<\/a><\/p>\n","protected":false},"excerpt":{"rendered":"<p>Quinze Startups r\u00e9unies sous l\u2019\u00e9gide du Cluster Mecatronic de Sousse et du P\u00f4le El Ghazala des Technologies de la Communication et 9 PME tunisiennes op\u00e9rant dans le secteur des services d\u00e9di\u00e9s \u00e0 la t\u00e9l\u00e9phonie mobile, participeront, pour la 8\u00e8me ann\u00e9e cons\u00e9cutive, au salon \u00ab Mobile World Congress \u00bb qui se tiendra du 24 au 27 [&hellip;]<\/p>\n","protected":false},"author":1775,"featured_media":0,"comment_status":"closed","ping_status":"closed","sticky":false,"template":"","format":"standard","meta":{"fifu_image_url":"","fifu_image_alt":"","footnotes":""},"categories":[78,55],"tags":[],"class_list":["post-75779","post","type-post","status-publish","format-standard","hentry","category-economie","category-tunisie"],"_links":{"self":[{"href":"https:\/\/linitiative.ca\/International\/wp-json\/wp\/v2\/posts\/75779","targetHints":{"allow":["GET"]}}],"collection":[{"href":"https:\/\/linitiative.ca\/International\/wp-json\/wp\/v2\/posts"}],"about":[{"href":"https:\/\/linitiative.ca\/International\/wp-json\/wp\/v2\/types\/post"}],"author":[{"embeddable":true,"href":"https:\/\/linitiative.ca\/International\/wp-json\/wp\/v2\/users\/1775"}],"replies":[{"embeddable":true,"href":"https:\/\/linitiative.ca\/International\/wp-json\/wp\/v2\/comments?post=75779"}],"version-history":[{"count":0,"href":"https:\/\/linitiative.ca\/International\/wp-json\/wp\/v2\/posts\/75779\/revisions"}],"wp:attachment":[{"href":"https:\/\/linitiative.ca\/International\/wp-json\/wp\/v2\/media?parent=75779"}],"wp:term":[{"taxonomy":"category","embeddable":true,"href":"https:\/\/linitiative.ca\/International\/wp-json\/wp\/v2\/categories?post=75779"},{"taxonomy":"post_tag","embeddable":true,"href":"https:\/\/linitiative.ca\/International\/wp-json\/wp\/v2\/tags?post=75779"}],"curies":[{"name":"wp","href":"https:\/\/api.w.org\/{rel}","templated":true}]}}