{"id":75780,"date":"2020-02-11T09:26:02","date_gmt":"2020-02-11T14:26:02","guid":{"rendered":"https:\/\/linitiative.ca\/International\/concertations-sur-le-futur-gouvernement-le-mouvement-echaab-pourrait-changer-sa-position\/"},"modified":"2020-02-11T09:26:02","modified_gmt":"2020-02-11T14:26:02","slug":"concertations-sur-le-futur-gouvernement-le-mouvement-echaab-pourrait-changer-sa-position","status":"publish","type":"post","link":"https:\/\/linitiative.ca\/International\/concertations-sur-le-futur-gouvernement-le-mouvement-echaab-pourrait-changer-sa-position\/","title":{"rendered":"Concertations sur le futur gouvernement : Le mouvement Echa\u00e2b pourrait changer sa position"},"content":{"rendered":"<p>Le mouvement Echa\u00e2b pourrait changer sa position au sujet de la poursuite des concertations sur le futur gouvernement, en raison des divergences avec le chef du gouvernement d\u00e9sign\u00e9 Ely\u00e8s Fakhfakh, a affirm\u00e9, Zouhaier Maghzaoui, secr\u00e9taire g\u00e9n\u00e9ral du parti.<\/p>\n<p>\u00ab Il est fort probable que le mouvement Echa\u00e2b changera d\u2019avis en raison des divergences avec le chef du gouvernement d\u00e9sign\u00e9 sur les propositions relatives aux minist\u00e8res de souverainet\u00e9 ainsi que sur les \u00ab ind\u00e9pendants \u00bb qui vont occuper des postes minist\u00e9riels \u00bb, a-t-il d\u00e9clar\u00e9.<\/p>\n<p>Selon Maghzaoui, le chef du gouvernement veut un gouvernement d\u2019ind\u00e9pendants renforc\u00e9 par des figures politiques. C\u2019est le principal point de divergence avec le chef du gouvernement d\u00e9sign\u00e9, a-t-il dit.<\/p>\n<p>Et de d\u00e9noncer : On ne peut parler de ceinture politique pour le futur gouvernement avec des ministres ind\u00e9pendants.<\/p>\n<p>S\u2019agissant des candidats propos\u00e9s par sa formation politique, Maghzaoui a cit\u00e9 les portefeuilles du Commerce, de l\u2019Agriculture, de la Formation professionnelle, des Sports et de la Culture.<\/p>\n<div class=\"wp-post-author-wrap wp-post-author-shortcode left\">\n<h3 class=\"awpa-title\"\/>\n<div class=\"wp-post-author\">\n<div class=\"awpa-img awpa-author-block square\"><a href=\"http:\/\/lexpertjournal.net\/fr\/author\/expert\/\"><img loading=\"lazy\" decoding=\"async\" alt=\"\" src=\"http:\/\/0.gravatar.com\/avatar\/c828f0b17d24309f0d01a4eac3747085?s=150&#038;d=mm&#038;r=g\" srcset=\"http:\/\/0.gravatar.com\/avatar\/c828f0b17d24309f0d01a4eac3747085?s=300&#038;d=mm&#038;r=g 2x\" class=\"avatar avatar-150 photo\" height=\"150\" width=\"150\"\/><\/a><\/div>\n<\/div>\n<\/div>\n<p>Auteur: L&rsquo;expert<br \/>\n<a href=\"http:\/\/lexpertjournal.net\/fr\/2020\/02\/11\/concertations-sur-le-futur-gouvernement-le-mouvement-echaab-pourrait-changer-sa-position\/\">Cliquez ici pour lire l&rsquo;article depuis sa source.<\/a><\/p>\n","protected":false},"excerpt":{"rendered":"<p>Le mouvement Echa\u00e2b pourrait changer sa position au sujet de la poursuite des concertations sur le futur gouvernement, en raison des divergences avec le chef du gouvernement d\u00e9sign\u00e9 Ely\u00e8s Fakhfakh, a affirm\u00e9, Zouhaier Maghzaoui, secr\u00e9taire g\u00e9n\u00e9ral du parti. \u00ab Il est fort probable que le mouvement Echa\u00e2b changera d\u2019avis en raison des divergences avec le [&hellip;]<\/p>\n","protected":false},"author":1775,"featured_media":0,"comment_status":"closed","ping_status":"closed","sticky":false,"template":"","format":"standard","meta":{"fifu_image_url":"","fifu_image_alt":"","footnotes":""},"categories":[78,55],"tags":[],"class_list":["post-75780","post","type-post","status-publish","format-standard","hentry","category-economie","category-tunisie"],"_links":{"self":[{"href":"https:\/\/linitiative.ca\/International\/wp-json\/wp\/v2\/posts\/75780","targetHints":{"allow":["GET"]}}],"collection":[{"href":"https:\/\/linitiative.ca\/International\/wp-json\/wp\/v2\/posts"}],"about":[{"href":"https:\/\/linitiative.ca\/International\/wp-json\/wp\/v2\/types\/post"}],"author":[{"embeddable":true,"href":"https:\/\/linitiative.ca\/International\/wp-json\/wp\/v2\/users\/1775"}],"replies":[{"embeddable":true,"href":"https:\/\/linitiative.ca\/International\/wp-json\/wp\/v2\/comments?post=75780"}],"version-history":[{"count":0,"href":"https:\/\/linitiative.ca\/International\/wp-json\/wp\/v2\/posts\/75780\/revisions"}],"wp:attachment":[{"href":"https:\/\/linitiative.ca\/International\/wp-json\/wp\/v2\/media?parent=75780"}],"wp:term":[{"taxonomy":"category","embeddable":true,"href":"https:\/\/linitiative.ca\/International\/wp-json\/wp\/v2\/categories?post=75780"},{"taxonomy":"post_tag","embeddable":true,"href":"https:\/\/linitiative.ca\/International\/wp-json\/wp\/v2\/tags?post=75780"}],"curies":[{"name":"wp","href":"https:\/\/api.w.org\/{rel}","templated":true}]}}