{"id":75781,"date":"2020-02-11T09:29:38","date_gmt":"2020-02-11T14:29:38","guid":{"rendered":"https:\/\/linitiative.ca\/International\/trafic-de-devises-arrestation-du-chef-dun-reseau-international\/"},"modified":"2020-02-11T09:29:38","modified_gmt":"2020-02-11T14:29:38","slug":"trafic-de-devises-arrestation-du-chef-dun-reseau-international","status":"publish","type":"post","link":"https:\/\/linitiative.ca\/International\/trafic-de-devises-arrestation-du-chef-dun-reseau-international\/","title":{"rendered":"Trafic de devises : Arrestation du chef d\u2019un r\u00e9seau international"},"content":{"rendered":"<p>Un individu dirigeant un r\u00e9seau international de trafic de devises, depuis et vers le sol tunisien, a \u00e9t\u00e9 interpell\u00e9 par la brigade des renseignements et des recherches de la Garde nationale d\u2019El Aouina.<\/p>\n<p>Cette derni\u00e8re a saisi une importante somme d\u2019argent ainsi que des puces t\u00e9l\u00e9phoniques utilis\u00e9es par le suspect pour communiquer avec les autres membres du r\u00e9seau, selon un communiqu\u00e9 publi\u00e9, lundi, sur la page Facebook du porte-parole de la Direction g\u00e9n\u00e9rale de la Garde nationale.<\/p>\n<p>Le porte-parole, Houssemeddine Jbebli, a d\u00e9clar\u00e9 que l\u2019individu en question a \u00e9t\u00e9 arr\u00eat\u00e9 durant le weekend, pr\u00e9cisant qu\u2019il dirige un r\u00e9seau international de trafic de devises op\u00e9rant entre la Tunisie et l\u2019espace europ\u00e9en.<\/p>\n<p>Le suspect principal est en relation avec un steward travaillant sur les vols Tunis-Paris, interpell\u00e9 \u00e0 son tour le 14 d\u00e9cembre dernier \u00e0 l\u2019a\u00e9roport Tunis-Carthage pour tentative de passage d\u2019une importante somme d\u2019argent.<\/p>\n<p>Le suspect qui \u00e9tait en possession de 403 mille dinars tunisiens et de Cartes SIM, a \u00e9t\u00e9 arr\u00eat\u00e9 \u00e0 bord d\u2019une voiture, dans la r\u00e9gion du Bardo, \u00e0 Tunis.<\/p>\n<p>Selon le communiqu\u00e9, la 4e brigade centrale de lutte contre les crimes \u00e9conomiques et financiers d\u2019El Aouina a \u00ab d\u00e9mantel\u00e9 un r\u00e9seau international de trafic de devises \u00bb, tandis que le porte-parole a d\u00e9clar\u00e9 qu\u2019une seule personne a \u00e9t\u00e9 arr\u00eat\u00e9e dans cette affaire \u00e0 ce jour.<\/p>\n<div class=\"wp-post-author-wrap wp-post-author-shortcode left\">\n<h3 class=\"awpa-title\"\/>\n<div class=\"wp-post-author\">\n<div class=\"awpa-img awpa-author-block square\"><a href=\"http:\/\/lexpertjournal.net\/fr\/author\/expert\/\"><img loading=\"lazy\" decoding=\"async\" alt=\"\" src=\"http:\/\/0.gravatar.com\/avatar\/c828f0b17d24309f0d01a4eac3747085?s=150&#038;d=mm&#038;r=g\" srcset=\"http:\/\/0.gravatar.com\/avatar\/c828f0b17d24309f0d01a4eac3747085?s=300&#038;d=mm&#038;r=g 2x\" class=\"avatar avatar-150 photo\" height=\"150\" width=\"150\"\/><\/a><\/div>\n<\/div>\n<\/div>\n<p>Auteur: L&rsquo;expert<br \/>\n<a href=\"http:\/\/lexpertjournal.net\/fr\/2020\/02\/11\/trafic-de-devises-arrestation-du-chef-dun-reseau-international\/\">Cliquez ici pour lire l&rsquo;article depuis sa source.<\/a><\/p>\n","protected":false},"excerpt":{"rendered":"<p>Un individu dirigeant un r\u00e9seau international de trafic de devises, depuis et vers le sol tunisien, a \u00e9t\u00e9 interpell\u00e9 par la brigade des renseignements et des recherches de la Garde nationale d\u2019El Aouina. Cette derni\u00e8re a saisi une importante somme d\u2019argent ainsi que des puces t\u00e9l\u00e9phoniques utilis\u00e9es par le suspect pour communiquer avec les autres [&hellip;]<\/p>\n","protected":false},"author":1775,"featured_media":0,"comment_status":"closed","ping_status":"closed","sticky":false,"template":"","format":"standard","meta":{"fifu_image_url":"","fifu_image_alt":"","footnotes":""},"categories":[78,55],"tags":[],"class_list":["post-75781","post","type-post","status-publish","format-standard","hentry","category-economie","category-tunisie"],"_links":{"self":[{"href":"https:\/\/linitiative.ca\/International\/wp-json\/wp\/v2\/posts\/75781","targetHints":{"allow":["GET"]}}],"collection":[{"href":"https:\/\/linitiative.ca\/International\/wp-json\/wp\/v2\/posts"}],"about":[{"href":"https:\/\/linitiative.ca\/International\/wp-json\/wp\/v2\/types\/post"}],"author":[{"embeddable":true,"href":"https:\/\/linitiative.ca\/International\/wp-json\/wp\/v2\/users\/1775"}],"replies":[{"embeddable":true,"href":"https:\/\/linitiative.ca\/International\/wp-json\/wp\/v2\/comments?post=75781"}],"version-history":[{"count":0,"href":"https:\/\/linitiative.ca\/International\/wp-json\/wp\/v2\/posts\/75781\/revisions"}],"wp:attachment":[{"href":"https:\/\/linitiative.ca\/International\/wp-json\/wp\/v2\/media?parent=75781"}],"wp:term":[{"taxonomy":"category","embeddable":true,"href":"https:\/\/linitiative.ca\/International\/wp-json\/wp\/v2\/categories?post=75781"},{"taxonomy":"post_tag","embeddable":true,"href":"https:\/\/linitiative.ca\/International\/wp-json\/wp\/v2\/tags?post=75781"}],"curies":[{"name":"wp","href":"https:\/\/api.w.org\/{rel}","templated":true}]}}