{"id":75782,"date":"2020-02-11T13:05:48","date_gmt":"2020-02-11T18:05:48","guid":{"rendered":"https:\/\/linitiative.ca\/International\/diversite-culturelle-lalgerie-participe-au-13e-comite-intergouvernemental-de-lunesco\/"},"modified":"2020-02-11T13:05:48","modified_gmt":"2020-02-11T18:05:48","slug":"diversite-culturelle-lalgerie-participe-au-13e-comite-intergouvernemental-de-lunesco","status":"publish","type":"post","link":"https:\/\/linitiative.ca\/International\/diversite-culturelle-lalgerie-participe-au-13e-comite-intergouvernemental-de-lunesco\/","title":{"rendered":"Diversit\u00e9 culturelle: l&rsquo;Alg\u00e9rie participe au 13e Comit\u00e9 intergouvernemental de l&rsquo;UNESCO"},"content":{"rendered":"<div readability=\"38\">\n<p><strong>ALGER &#8211; L&rsquo;Alg\u00e9rie participera mardi \u00e0 Paris pour le premi\u00e8re fois depuis 2015 aux travaux du 13e Comit\u00e9 intergouvernemental sur la mise en \u0153uvre de la Convention de l\u2019Unesco sur \u00ab\u00a0la protection et la promotion de la diversit\u00e9 des expressions culturelles\u00a0\u00bb, indique lundi un communiqu\u00e9 du secr\u00e9tariat d&rsquo;Etat, aupr\u00e8s du minist\u00e8re de la Culture, charg\u00e9 de la production culturelle.<\/strong><\/p>\n<\/div>\n<div readability=\"88.5\">\n<p>L&rsquo;Alg\u00e9rie, qui sera repr\u00e9sent\u00e9e par le minist\u00e8re de la Culture, \u00ab\u00a0prendra part, pour la premi\u00e8re fois depuis 2015, date de sa ratification de cette Convention, aux travaux du 13e Comit\u00e9 intergouvernemental, du 11 au 14 f\u00e9vrier 2020, au si\u00e8ge de l\u2019UNESCO \u00e0 Paris\u00a0\u00bb, pr\u00e9cise le communiqu\u00e9 du minist\u00e8re.<\/p>\n<blockquote readability=\"10\">\n<p><em><strong>La m\u00eame source a fait savoir que la d\u00e9l\u00e9gation alg\u00e9rienne participera \u00e0 la session d\u2019information sur le projet \u00ab\u00a0Re\/Penser les politiques culturelles\u00a0\u00bb et la plate-forme en ligne \u00ab\u00a0du suivi des politiques, dont l\u2019objectif est d\u2019analyser les tendances actuelles, les progr\u00e8s dans la mise en \u0153uvre de la Convention et l\u2019identification des pratiques les plus innovantes dans le monde en mati\u00e8re de politiques culturelles\u00a0\u00bb.<\/strong><\/em><\/p>\n<\/blockquote>\n<p>Les travaux de ce 13e CIG porteront sur \u00ab\u00a0la pr\u00e9sentation du plan de travail pour 2020-2021, d\u2019o\u00f9 le suivi des politiques et le renforcement des capacit\u00e9s, ainsi que les activit\u00e9s mettant en \u0153uvre le Fonds International pour la Diversit\u00e9 Culturelle (FIDC)\u00a0\u00bb, ajoute t-on de m\u00eame source.<\/p>\n<blockquote readability=\"11\">\n<p><em><strong>Il s&rsquo;agit \u00e9galement de l\u2019approbation, au cours des ces travaux, du financement de nouveaux projets par le FIDC dans le cadre de son 10e appel, ainsi que \u00ab\u00a0l\u2019examen des conclusions de la 2e \u00e9dition du Forum des organisations de la soci\u00e9t\u00e9 civile et les synergies potentielles avec la Recommandation de 1980 relative \u00e0 la condition de l\u2019artiste\u00a0\u00bb.<\/strong><\/em><\/p>\n<\/blockquote>\n<p>Au menu des travaux du 13eme CIG, il y a par ailleurs \u00ab\u00a0l\u2019\u00e9valuation de l&rsquo;impact de l&rsquo;environnement num\u00e9rique sur l&rsquo;acc\u00e8s aux contenus cr\u00e9atifs et sur les r\u00e9sultats des premiers projets financ\u00e9s par le Fonds international pour la diversit\u00e9 culturelle\u00a0\u00bb, pr\u00e9cise la m\u00eame source.<\/p>\n<p>Outre l&rsquo;Alg\u00e9rie, les repr\u00e9sentants de 16 pays partenaires participeront \u00e0 ces travaux, dont le Burkina Faso, l&rsquo;Ethiopie, le Mali, le P\u00e9rou, l&rsquo;Indon\u00e9sie, le Bangladesh, la Colombie, la Jama\u00efque, la Palestine, le S\u00e9n\u00e9gal, l&rsquo;Ouganda, la Tanzanie, et le Zimbabwe, ainsi que des repr\u00e9sentants de la Su\u00e8de, pays donateur.<\/p>\n<p>Approuv\u00e9e en 2005, la Convention sur la protection et la promotion des expressions culturelles est un trait\u00e9 ratifi\u00e9 par 145 Etats membres de\u00a0l&rsquo;Unesco. L\u2019Union europ\u00e9enne y a adh\u00e9r\u00e9 en 2006.<\/p>\n<\/div>\n<p>Auteur:<br \/>\n<a href=\"http:\/\/www.aps.dz\/culture\/101443-diversite-culturelle-l-algerie-participe-au-13e-comite-intergouvernemental-de-l-agence-onusienne\">Cliquez ici pour lire l&rsquo;article depuis sa source.<\/a><\/p>\n","protected":false},"excerpt":{"rendered":"<p>ALGER &#8211; L&rsquo;Alg\u00e9rie participera mardi \u00e0 Paris pour le premi\u00e8re fois depuis 2015 aux travaux du 13e Comit\u00e9 intergouvernemental sur la mise en \u0153uvre de la Convention de l\u2019Unesco sur \u00ab\u00a0la protection et la promotion de la diversit\u00e9 des expressions culturelles\u00a0\u00bb, indique lundi un communiqu\u00e9 du secr\u00e9tariat d&rsquo;Etat, aupr\u00e8s du minist\u00e8re de la Culture, charg\u00e9 [&hellip;]<\/p>\n","protected":false},"author":1790,"featured_media":0,"comment_status":"closed","ping_status":"closed","sticky":false,"template":"","format":"standard","meta":{"fifu_image_url":"","fifu_image_alt":"","footnotes":""},"categories":[53,79],"tags":[],"class_list":["post-75782","post","type-post","status-publish","format-standard","hentry","category-algerie","category-culture"],"_links":{"self":[{"href":"https:\/\/linitiative.ca\/International\/wp-json\/wp\/v2\/posts\/75782","targetHints":{"allow":["GET"]}}],"collection":[{"href":"https:\/\/linitiative.ca\/International\/wp-json\/wp\/v2\/posts"}],"about":[{"href":"https:\/\/linitiative.ca\/International\/wp-json\/wp\/v2\/types\/post"}],"author":[{"embeddable":true,"href":"https:\/\/linitiative.ca\/International\/wp-json\/wp\/v2\/users\/1790"}],"replies":[{"embeddable":true,"href":"https:\/\/linitiative.ca\/International\/wp-json\/wp\/v2\/comments?post=75782"}],"version-history":[{"count":0,"href":"https:\/\/linitiative.ca\/International\/wp-json\/wp\/v2\/posts\/75782\/revisions"}],"wp:attachment":[{"href":"https:\/\/linitiative.ca\/International\/wp-json\/wp\/v2\/media?parent=75782"}],"wp:term":[{"taxonomy":"category","embeddable":true,"href":"https:\/\/linitiative.ca\/International\/wp-json\/wp\/v2\/categories?post=75782"},{"taxonomy":"post_tag","embeddable":true,"href":"https:\/\/linitiative.ca\/International\/wp-json\/wp\/v2\/tags?post=75782"}],"curies":[{"name":"wp","href":"https:\/\/api.w.org\/{rel}","templated":true}]}}