{"id":75783,"date":"2020-02-11T13:05:52","date_gmt":"2020-02-11T18:05:52","guid":{"rendered":"https:\/\/linitiative.ca\/International\/deces-du-poete-du-patrimoine-populaire-oranais-mekki-nouna\/"},"modified":"2020-02-11T13:05:52","modified_gmt":"2020-02-11T18:05:52","slug":"deces-du-poete-du-patrimoine-populaire-oranais-mekki-nouna","status":"publish","type":"post","link":"https:\/\/linitiative.ca\/International\/deces-du-poete-du-patrimoine-populaire-oranais-mekki-nouna\/","title":{"rendered":"D\u00e9c\u00e8s du po\u00e8te du patrimoine populaire oranais Mekki Nouna"},"content":{"rendered":"<div>\n<div class=\"K2FeedIntroText\">\n<p><strong>ORAN &#8211; Le po\u00e8te du patrimoine populaire oranais Mekki Nouna s\u2019est \u00e9teint la nuit de lundi \u00e0 mardi \u00e0 l\u2019\u00e2ge de 88 ans suite \u00e0 une longue maladie a-t-on appris mardi, du milieu artistique local.<\/strong><\/p>\n<\/div>\n<div class=\"K2FeedFullText\">\n<p>Le d\u00e9funt, c\u00e9l\u00e8bre sur la sc\u00e8ne artistique et culturelle d\u2019Oran, fut l\u2019une des figures de proue en po\u00e9sie du \u00ab\u00a0Melhoune\u00a0\u00bb et du folklore oranais. Il est d\u00e9c\u00e9d\u00e9 au CHU d\u2019Oran o\u00f9 il \u00e9tait hospitalis\u00e9 depuis quelques jours.<\/p>\n<p>Le parcours artistique du po\u00e8te populaire d\u00e9funt fut tr\u00e8s riche et plein de po\u00e9sies inspir\u00e9es du patrimoine oranais et sur les personnalit\u00e9s r\u00e9volutionnaires et historiques de la ville ainsi sur le parcours du club MCO de part son attachement \u00e0 ce club de football.<\/p>\n<p>L\u2019artiste a \u00e9crit de nombreux po\u00e8mes chant\u00e9s par de c\u00e9l\u00e8bres artistes de la musique et la chanson oranaise comme Houari Benchenat, Mazouzi, et cheikh Fethi. La d\u00e9pouille sera inhum\u00e9e apr\u00e8s la pri\u00e8re du Dohr au cimeti\u00e8re d\u2019Ain El Beida.<\/p>\n<\/div>\n<\/div>\n<p>Auteur:<br \/>\n<a href=\"http:\/\/www.aps.dz\/culture\/101470-deces-du-poete-du-patrimoine-populaire-oranais-mekki-nouna\">Cliquez ici pour lire l&rsquo;article depuis sa source.<\/a><\/p>\n","protected":false},"excerpt":{"rendered":"<p>ORAN &#8211; Le po\u00e8te du patrimoine populaire oranais Mekki Nouna s\u2019est \u00e9teint la nuit de lundi \u00e0 mardi \u00e0 l\u2019\u00e2ge de 88 ans suite \u00e0 une longue maladie a-t-on appris mardi, du milieu artistique local. Le d\u00e9funt, c\u00e9l\u00e8bre sur la sc\u00e8ne artistique et culturelle d\u2019Oran, fut l\u2019une des figures de proue en po\u00e9sie du \u00ab\u00a0Melhoune\u00a0\u00bb [&hellip;]<\/p>\n","protected":false},"author":1790,"featured_media":0,"comment_status":"closed","ping_status":"closed","sticky":false,"template":"","format":"standard","meta":{"fifu_image_url":"","fifu_image_alt":"","footnotes":""},"categories":[53,79],"tags":[],"class_list":["post-75783","post","type-post","status-publish","format-standard","hentry","category-algerie","category-culture"],"_links":{"self":[{"href":"https:\/\/linitiative.ca\/International\/wp-json\/wp\/v2\/posts\/75783","targetHints":{"allow":["GET"]}}],"collection":[{"href":"https:\/\/linitiative.ca\/International\/wp-json\/wp\/v2\/posts"}],"about":[{"href":"https:\/\/linitiative.ca\/International\/wp-json\/wp\/v2\/types\/post"}],"author":[{"embeddable":true,"href":"https:\/\/linitiative.ca\/International\/wp-json\/wp\/v2\/users\/1790"}],"replies":[{"embeddable":true,"href":"https:\/\/linitiative.ca\/International\/wp-json\/wp\/v2\/comments?post=75783"}],"version-history":[{"count":0,"href":"https:\/\/linitiative.ca\/International\/wp-json\/wp\/v2\/posts\/75783\/revisions"}],"wp:attachment":[{"href":"https:\/\/linitiative.ca\/International\/wp-json\/wp\/v2\/media?parent=75783"}],"wp:term":[{"taxonomy":"category","embeddable":true,"href":"https:\/\/linitiative.ca\/International\/wp-json\/wp\/v2\/categories?post=75783"},{"taxonomy":"post_tag","embeddable":true,"href":"https:\/\/linitiative.ca\/International\/wp-json\/wp\/v2\/tags?post=75783"}],"curies":[{"name":"wp","href":"https:\/\/api.w.org\/{rel}","templated":true}]}}