{"id":75784,"date":"2020-02-11T13:05:57","date_gmt":"2020-02-11T18:05:57","guid":{"rendered":"https:\/\/linitiative.ca\/International\/loperation-pour-enfants-un-livre-contre-un-spectacle-reeditee-en-mars-a-alger\/"},"modified":"2020-02-11T13:05:57","modified_gmt":"2020-02-11T18:05:57","slug":"loperation-pour-enfants-un-livre-contre-un-spectacle-reeditee-en-mars-a-alger","status":"publish","type":"post","link":"https:\/\/linitiative.ca\/International\/loperation-pour-enfants-un-livre-contre-un-spectacle-reeditee-en-mars-a-alger\/","title":{"rendered":"L&rsquo;op\u00e9ration pour enfants \u00ab\u00a0Un livre contre un spectacle\u00a0\u00bb r\u00e9\u00e9dit\u00e9e en mars \u00e0 Alger"},"content":{"rendered":"<p><span class=\"sp-nh-title\">Palestine\/ONU: le pr\u00e9sident Abbas r\u00e9it\u00e8re son rejet de l&rsquo; Accord du si\u00e8cle<\/span> &#8211; <span class=\"sp-nh-date\">mardi 11 f\u00e9vrier 2020 18:43<\/span><\/p>\n<p><span class=\"sp-nh-title\">Port d\u2019Oran : refoulement d\u2019une cargaison de 11 tonnes de produits \u00e9lectrom\u00e9nagers en provenance de Chine<\/span> &#8211; <span class=\"sp-nh-date\">mardi 11 f\u00e9vrier 2020 18:40<\/span><\/p>\n<p><span class=\"sp-nh-title\">Deal du si\u00e8cle : Abbas attendu au Conseil de s\u00e9curit\u00e9 pour prononcer un discours<\/span> &#8211; <span class=\"sp-nh-date\">mardi 11 f\u00e9vrier 2020 18:32<\/span><\/p>\n<p><span class=\"sp-nh-title\">L&rsquo;OMS lance un forum international de recherche sur le nouveau coronavirus<\/span> &#8211; <span class=\"sp-nh-date\">mardi 11 f\u00e9vrier 2020 18:30<\/span><\/p>\n<p><span class=\"sp-nh-title\">APN: les d\u00e9put\u00e9s poursuivent le d\u00e9bat du Plan d&rsquo;action du gouvernement\u00a0<\/span> &#8211; <span class=\"sp-nh-date\">mardi 11 f\u00e9vrier 2020 18:23<\/span><\/p>\n<p><span class=\"sp-nh-title\">L&rsquo;\u00e8re de l&rsquo;Alg\u00e9rie nouvelle nous impose \u00e0 tous de travailler en synergie<\/span> &#8211; <span class=\"sp-nh-date\">mardi 11 f\u00e9vrier 2020 18:17<\/span><\/p>\n<p><span class=\"sp-nh-title\">Tizi-Ouzou: Deux projets d&rsquo;extension et de r\u00e9alisation de lignes ferroviaires \u00e0 l&rsquo;\u00e9tude<\/span> &#8211; <span class=\"sp-nh-date\">mardi 11 f\u00e9vrier 2020 18:08<\/span><\/p>\n<p><span class=\"sp-nh-title\">Football &#8211; Coupe d&rsquo;Alg\u00e9rie: les joueurs arr\u00eatent la gr\u00e8ve avant d&rsquo;affronter l&rsquo;USM Alger<\/span> &#8211; <span class=\"sp-nh-date\">mardi 11 f\u00e9vrier 2020 18:04<\/span><\/p>\n<p><span class=\"sp-nh-title\">Almas: Si le stade du 5-Juillet est de nouveau op\u00e9rationnel, nous y retournons<\/span> &#8211; <span class=\"sp-nh-date\">mardi 11 f\u00e9vrier 2020 17:47<\/span><\/p>\n<p><span class=\"sp-nh-title\">L&rsquo;op\u00e9ration pour enfants Un livre contre un spectacle r\u00e9\u00e9dit\u00e9e en mars \u00e0 Alger<\/span> &#8211; <span class=\"sp-nh-date\">mardi 11 f\u00e9vrier 2020 17:37<\/span><\/p>\n<p><span class=\"sp-nh-title\">La 14e \u00e9dition du Salon international de la pharmacie du 19 au 22 f\u00e9vrier \u00e0 Alger<\/span> &#8211; <span class=\"sp-nh-date\">mardi 11 f\u00e9vrier 2020 17:35<\/span><\/p>\n<p><span class=\"sp-nh-title\">Mme Fatouma Akacem install\u00e9e dans ses nouvelles fonctions de PDG de Sa\u00efdal<\/span> &#8211; <span class=\"sp-nh-date\">mardi 11 f\u00e9vrier 2020 17:16<\/span><\/p>\n<p><span class=\"sp-nh-title\">Djerad: Faire sortir le pays d&rsquo;une situation critique vers une nouvelle \u00e8re, principal d\u00e9fi pour le Gouvernement<\/span> &#8211; <span class=\"sp-nh-date\">mardi 11 f\u00e9vrier 2020 17:11<\/span><\/p>\n<p><span class=\"sp-nh-title\">Atelier consacr\u00e9 \u00e0 l&rsquo;avant-projet de loi sur la presse \u00e9lectronique le 20 f\u00e9vrier<\/span> &#8211; <span class=\"sp-nh-date\">mardi 11 f\u00e9vrier 2020 17:03<\/span><\/p>\n<p><span class=\"sp-nh-title\">Le Gouvernement s&#8217;emploiera \u00e0 l&rsquo;am\u00e9lioration du pouvoir d&rsquo;achat du citoyen<\/span> &#8211; <span class=\"sp-nh-date\">mardi 11 f\u00e9vrier 2020 16:55<\/span><\/p>\n<p><span class=\"sp-nh-title\">Illizi : d\u00e9velopper un tourisme saharien \u00e9conomiquement durable<\/span> &#8211; <span class=\"sp-nh-date\">mardi 11 f\u00e9vrier 2020 16:41<\/span><\/p>\n<p><span class=\"sp-nh-title\">Boukadoum: le peuple libyen, seul habilit\u00e9 \u00e0 choisir qui le repr\u00e9sente<\/span> &#8211; <span class=\"sp-nh-date\">mardi 11 f\u00e9vrier 2020 16:27<\/span><\/p>\n<p><span class=\"sp-nh-title\">CNMA : une journ\u00e9e de sensibilisation \u00e0 Tlemcen au profit des agrumiculteurs<\/span> &#8211; <span class=\"sp-nh-date\">mardi 11 f\u00e9vrier 2020 16:15<\/span><\/p>\n<p><span class=\"sp-nh-title\">Nouvel entra\u00eeneur du MCA: Si je ne d\u00e9croche pas le podium, je partirai<\/span> &#8211; <span class=\"sp-nh-date\">mardi 11 f\u00e9vrier 2020 15:39<\/span><\/p>\n<p><span class=\"sp-nh-title\">A\u00efn Defla: lancement prochain d\u2019une op\u00e9ration de reproduction artificielle du Sandre<\/span> &#8211; <span class=\"sp-nh-date\">mardi 11 f\u00e9vrier 2020 15:22<\/span><\/p>\n<p>Auteur:<br \/>\n<a href=\"http:\/\/www.aps.dz\/culture\/101491-l-operation-pour-enfants-un-livre-contre-un-spectacle-reeditee-en-mars-a-alger\">Cliquez ici pour lire l&rsquo;article depuis sa source.<\/a><\/p>\n","protected":false},"excerpt":{"rendered":"<p>Palestine\/ONU: le pr\u00e9sident Abbas r\u00e9it\u00e8re son rejet de l&rsquo; Accord du si\u00e8cle &#8211; mardi 11 f\u00e9vrier 2020 18:43 Port d\u2019Oran : refoulement d\u2019une cargaison de 11 tonnes de produits \u00e9lectrom\u00e9nagers en provenance de Chine &#8211; mardi 11 f\u00e9vrier 2020 18:40 Deal du si\u00e8cle : Abbas attendu au Conseil de s\u00e9curit\u00e9 pour prononcer un discours &#8211; [&hellip;]<\/p>\n","protected":false},"author":1790,"featured_media":0,"comment_status":"closed","ping_status":"closed","sticky":false,"template":"","format":"standard","meta":{"fifu_image_url":"","fifu_image_alt":"","footnotes":""},"categories":[53,79],"tags":[],"class_list":["post-75784","post","type-post","status-publish","format-standard","hentry","category-algerie","category-culture"],"_links":{"self":[{"href":"https:\/\/linitiative.ca\/International\/wp-json\/wp\/v2\/posts\/75784","targetHints":{"allow":["GET"]}}],"collection":[{"href":"https:\/\/linitiative.ca\/International\/wp-json\/wp\/v2\/posts"}],"about":[{"href":"https:\/\/linitiative.ca\/International\/wp-json\/wp\/v2\/types\/post"}],"author":[{"embeddable":true,"href":"https:\/\/linitiative.ca\/International\/wp-json\/wp\/v2\/users\/1790"}],"replies":[{"embeddable":true,"href":"https:\/\/linitiative.ca\/International\/wp-json\/wp\/v2\/comments?post=75784"}],"version-history":[{"count":0,"href":"https:\/\/linitiative.ca\/International\/wp-json\/wp\/v2\/posts\/75784\/revisions"}],"wp:attachment":[{"href":"https:\/\/linitiative.ca\/International\/wp-json\/wp\/v2\/media?parent=75784"}],"wp:term":[{"taxonomy":"category","embeddable":true,"href":"https:\/\/linitiative.ca\/International\/wp-json\/wp\/v2\/categories?post=75784"},{"taxonomy":"post_tag","embeddable":true,"href":"https:\/\/linitiative.ca\/International\/wp-json\/wp\/v2\/tags?post=75784"}],"curies":[{"name":"wp","href":"https:\/\/api.w.org\/{rel}","templated":true}]}}