{"id":75785,"date":"2020-02-11T08:40:00","date_gmt":"2020-02-11T13:40:00","guid":{"rendered":"https:\/\/linitiative.ca\/International\/lindependance-de-la-justice-au-coeur-de-la-manifestation-des-etudiants\/"},"modified":"2020-02-11T08:40:00","modified_gmt":"2020-02-11T13:40:00","slug":"lindependance-de-la-justice-au-coeur-de-la-manifestation-des-etudiants","status":"publish","type":"post","link":"https:\/\/linitiative.ca\/International\/lindependance-de-la-justice-au-coeur-de-la-manifestation-des-etudiants\/","title":{"rendered":"L\u2019ind\u00e9pendance de la justice au c\u0153ur de la manifestation des \u00e9tudiants"},"content":{"rendered":"<div id=\"originalText\" readability=\"85\">\n<p class=\"c6\">En cette 51e marche des \u00e9tudiants, Alger a encore trembl\u00e9 aux clameurs des manifestants. Des slogans, \u00e9non\u00e7ant le soutien au procureur adjoint du tribunal de Sidi M\u2019hamed,\u00a0 Ahmed Belhadi, ont marqu\u00e9 la manifestation de ce mardi, en l\u2019absence du dispositif policier habituel.<\/p>\n<p class=\"c6\">En effet, peu avant 11h, des centaines de personnes ont commenc\u00e9 \u00e0 se regrouper \u00e0 la place des Martyrs. \u00a0Des d\u00e9bats sont tenus ici et l\u00e0 sur l\u2019ind\u00e9pendance de la justice.<\/p>\n<p><iframe loading=\"lazy\" allowfullscreen=\"true\" allowtransparency=\"true\" frameborder=\"0\" height=\"315\" scrolling=\"no\" src=\"https:\/\/www.facebook.com\/plugins\/video.php?href=https%3A%2F%2Fwww.facebook.com%2FJournaLiberteOfficiel%2Fvideos%2F2562465987413235%2F&#038;show_text=0&#038;width=560\" class=\"c7\" width=\"560\">[embedded content]<\/iframe><\/p>\n<p class=\"c6\">A 11h, les \u00e9tudiants ont entam\u00e9 leur marche en entonnant l\u2019hymne national imm\u00e9diatement suivi de \u00ab\u00a0ya sadjin ertah ertah, sa\u2019nouwassilou el kifa\u2019h\u00a0\u00a0(prisonnier, ne t\u2019inqui\u00e8te pas, on va continuer le combat)\u00bb. Aussi, \u00ab\u00a0allah akbar Ahmed Belhadi \u00bb et \u00ab\u00a0\u00e9tat civil et non militaire\u00a0\u00bb.<\/p>\n<p><iframe loading=\"lazy\" allow=\"accelerometer; autoplay; encrypted-media; gyroscope; picture-in-picture\" allowfullscreen=\"\" frameborder=\"0\" height=\"315\" src=\"https:\/\/www.youtube.com\/embed\/BlcZHKhO3X0\" width=\"560\">[embedded content]<\/iframe><\/p>\n<p class=\"c6\">Au fur et \u00e0 mesure que la foule de manifestants avan\u00e7ait, de nombreux citoyens, n\u2019appartenant pas forc\u00e9ment au monde universitaire, rejoignaient le cort\u00e8ge interminable. A midi, les marcheurs se comptaient ainsi par milliers.<\/p>\n<p class=\"c6\">Les manifestants, outre leurs revendications, ont exig\u00e9 \u00e0 travers plusieurs banderoles exhib\u00e9es et slogans, la lib\u00e9ration inconditionnelle des autres d\u00e9tenus d\u2019opinion, qui croupissent encore en prison, notamment Karim tabou, l\u2019\u00e9tudiante Nour EL Houda Oggadi et Foudil Boumala.<\/p>\n<p class=\"c6\">L\u2019adh\u00e9sion populaire \u00e0 l\u2019ind\u00e9pendance de la justice a \u00e9t\u00e9 fortement accr\u00e9dit\u00e9e tout au long de l\u2019itin\u00e9raire de la marche \u00ab\u00a0win rahi el aadala win rah el qanoun\u00a0 (o\u00f9 est la justice\u00a0? o\u00f9 est la loi\u00a0?)\u00a0\u00bb, ont-ils scand\u00e9.<\/p>\n<p class=\"c6\">Arriv\u00e9s \u00e0 la Grande poste, aux environs de 13h, les marcheurs ont marqu\u00e9 une halte. Avant de commencer \u00e0 se disperser, dans le calme, les \u00e9tudiants ont lanc\u00e9 un appel pour une mobilisation record lors des marches du 21 f\u00e9vrier.<\/p>\n<p class=\"c8\"><strong>Kenza Sifi<\/strong><\/p>\n<\/div>\n<div id=\"text_core\" readability=\"85\">\n<p class=\"c6\">En cette 51e marche des \u00e9tudiants, Alger a encore trembl\u00e9 aux clameurs des manifestants. Des slogans, \u00e9non\u00e7ant le soutien au procureur adjoint du tribunal de Sidi M\u2019hamed,\u00a0 Ahmed Belhadi, ont marqu\u00e9 la manifestation de ce mardi, en l\u2019absence du dispositif policier habituel.<\/p>\n<p class=\"c6\">En effet, peu avant 11h, des centaines de personnes ont commenc\u00e9 \u00e0 se regrouper \u00e0 la place des Martyrs. \u00a0Des d\u00e9bats sont tenus ici et l\u00e0 sur l\u2019ind\u00e9pendance de la justice.<\/p>\n<p><iframe loading=\"lazy\" allowfullscreen=\"true\" allowtransparency=\"true\" frameborder=\"0\" height=\"315\" scrolling=\"no\" src=\"https:\/\/www.facebook.com\/plugins\/video.php?href=https%3A%2F%2Fwww.facebook.com%2FJournaLiberteOfficiel%2Fvideos%2F2562465987413235%2F&#038;show_text=0&#038;width=560\" class=\"c7\" width=\"560\">[embedded content]<\/iframe><\/p>\n<p class=\"c6\">A 11h, les \u00e9tudiants ont entam\u00e9 leur marche en entonnant l\u2019hymne national imm\u00e9diatement suivi de \u00ab\u00a0ya sadjin ertah ertah, sa\u2019nouwassilou el kifa\u2019h\u00a0\u00a0(prisonnier, ne t\u2019inqui\u00e8te pas, on va continuer le combat)\u00bb. Aussi, \u00ab\u00a0allah akbar Ahmed Belhadi \u00bb et \u00ab\u00a0\u00e9tat civil et non militaire\u00a0\u00bb.<\/p>\n<p><iframe loading=\"lazy\" allow=\"accelerometer; autoplay; encrypted-media; gyroscope; picture-in-picture\" allowfullscreen=\"\" frameborder=\"0\" height=\"315\" src=\"https:\/\/www.youtube.com\/embed\/BlcZHKhO3X0\" width=\"560\">[embedded content]<\/iframe><\/p>\n<p class=\"c6\">Au fur et \u00e0 mesure que la foule de manifestants avan\u00e7ait, de nombreux citoyens, n\u2019appartenant pas forc\u00e9ment au monde universitaire, rejoignaient le cort\u00e8ge interminable. A midi, les marcheurs se comptaient ainsi par milliers.<\/p>\n<p class=\"c6\">Les manifestants, outre leurs revendications, ont exig\u00e9 \u00e0 travers plusieurs banderoles exhib\u00e9es et slogans, la lib\u00e9ration inconditionnelle des autres d\u00e9tenus d\u2019opinion, qui croupissent encore en prison, notamment Karim tabou, l\u2019\u00e9tudiante Nour EL Houda Oggadi et Foudil Boumala.<\/p>\n<p class=\"c6\">L\u2019adh\u00e9sion populaire \u00e0 l\u2019ind\u00e9pendance de la justice a \u00e9t\u00e9 fortement accr\u00e9dit\u00e9e tout au long de l\u2019itin\u00e9raire de la marche \u00ab\u00a0win rahi el aadala win rah el qanoun\u00a0 (o\u00f9 est la justice\u00a0? o\u00f9 est la loi\u00a0?)\u00a0\u00bb, ont-ils scand\u00e9.<\/p>\n<p class=\"c6\">Arriv\u00e9s \u00e0 la Grande poste, aux environs de 13h, les marcheurs ont marqu\u00e9 une halte. Avant de commencer \u00e0 se disperser, dans le calme, les \u00e9tudiants ont lanc\u00e9 un appel pour une mobilisation record lors des marches du 21 f\u00e9vrier.<\/p>\n<p class=\"c8\"><strong>Kenza Sifi<\/strong><\/p>\n<\/div>\n<p>Auteur:<br \/>\n<a href=\"https:\/\/www.liberte-algerie.com\/actualite\/lindependance-de-la-justice-au-coeur-de-la-manifestation-des-etudiants-333699\">Cliquez ici pour lire l&rsquo;article depuis sa source.<\/a><\/p>\n","protected":false},"excerpt":{"rendered":"<p>En cette 51e marche des \u00e9tudiants, Alger a encore trembl\u00e9 aux clameurs des manifestants. Des slogans, \u00e9non\u00e7ant le soutien au procureur adjoint du tribunal de Sidi M\u2019hamed,\u00a0 Ahmed Belhadi, ont marqu\u00e9 la manifestation de ce mardi, en l\u2019absence du dispositif policier habituel. En effet, peu avant 11h, des centaines de personnes ont commenc\u00e9 \u00e0 se [&hellip;]<\/p>\n","protected":false},"author":1742,"featured_media":0,"comment_status":"closed","ping_status":"closed","sticky":false,"template":"","format":"standard","meta":{"fifu_image_url":"","fifu_image_alt":"","footnotes":""},"categories":[73,53],"tags":[],"class_list":["post-75785","post","type-post","status-publish","format-standard","hentry","category-actualite","category-algerie"],"_links":{"self":[{"href":"https:\/\/linitiative.ca\/International\/wp-json\/wp\/v2\/posts\/75785","targetHints":{"allow":["GET"]}}],"collection":[{"href":"https:\/\/linitiative.ca\/International\/wp-json\/wp\/v2\/posts"}],"about":[{"href":"https:\/\/linitiative.ca\/International\/wp-json\/wp\/v2\/types\/post"}],"author":[{"embeddable":true,"href":"https:\/\/linitiative.ca\/International\/wp-json\/wp\/v2\/users\/1742"}],"replies":[{"embeddable":true,"href":"https:\/\/linitiative.ca\/International\/wp-json\/wp\/v2\/comments?post=75785"}],"version-history":[{"count":0,"href":"https:\/\/linitiative.ca\/International\/wp-json\/wp\/v2\/posts\/75785\/revisions"}],"wp:attachment":[{"href":"https:\/\/linitiative.ca\/International\/wp-json\/wp\/v2\/media?parent=75785"}],"wp:term":[{"taxonomy":"category","embeddable":true,"href":"https:\/\/linitiative.ca\/International\/wp-json\/wp\/v2\/categories?post=75785"},{"taxonomy":"post_tag","embeddable":true,"href":"https:\/\/linitiative.ca\/International\/wp-json\/wp\/v2\/tags?post=75785"}],"curies":[{"name":"wp","href":"https:\/\/api.w.org\/{rel}","templated":true}]}}