{"id":75790,"date":"2020-02-11T12:00:00","date_gmt":"2020-02-11T17:00:00","guid":{"rendered":"https:\/\/linitiative.ca\/International\/la-reaction-virulente-du-club-des-magistrats\/"},"modified":"2020-02-11T12:00:00","modified_gmt":"2020-02-11T17:00:00","slug":"la-reaction-virulente-du-club-des-magistrats","status":"publish","type":"post","link":"https:\/\/linitiative.ca\/International\/la-reaction-virulente-du-club-des-magistrats\/","title":{"rendered":"La r\u00e9action virulente du Club des Magistrats"},"content":{"rendered":"<div id=\"originalText\" readability=\"61\">\n<p>Le club des magistrats a r\u00e9agi, ce mardi, \u00e0 la convocation du procureur \u00a0adjoint du tribunal de Sidi M\u2019hamed, Ahmed Belhadi, par l\u2019inspection g\u00e9n\u00e9rale du minist\u00e8re de la justice, qualifiant cette d\u00e9marche de la tutelle d\u2019\u00abentrave au processus d\u2019ind\u00e9pendance de la justice\u00bb.<\/p>\n<p>\u00a0Ahmed Belhadi, qui s\u2019\u00e9tait distingu\u00e9, dimanche, par un r\u00e9quisitoire en faveur des \u00abhirakistes\u00bb et pour l\u2019ind\u00e9pendance de la justice, a \u00e9t\u00e9, en effet, convoqu\u00e9 le lendemain lundi par sa tutelle.<\/p>\n<p>Le club des magistrats qui a donc rendu public un communiqu\u00e9 en fin d\u2019apr\u00e8s-midi, affirme que \u00able v\u00e9ritable combat de cette g\u00e9n\u00e9ration de magistrats qui d\u00e9coule d\u2019une grande r\u00e9volution populaire (\u2026), est un combat pour l\u2019ind\u00e9pendance de la justice vis-\u00e0-vis d\u2019un ministre de la justice et de services minist\u00e9riels tyranniques et arrogants qui redoutent la d\u00e9marche de ces jeunes magistrats qui expriment leurs avis sur des affaires qui les concernent (\u2026)\u00bb.<\/p>\n<p>Aussi, le club des magistrats estime que le ministre de la justice et ses services voient en la d\u00e9marche de ces \u00abhonorables magistrats un danger qui menace leur existence qui sert \u00e0 garantir la soumission du pouvoir judiciaire aux pouvoirs \u00a0totalitaires\u00bb.<\/p>\n<p class=\"c6\"><strong>R\u00e9daction Web \u00a0<\/strong><\/p>\n<\/div>\n<div id=\"text_core\" readability=\"61\">\n<p>Le club des magistrats a r\u00e9agi, ce mardi, \u00e0 la convocation du procureur \u00a0adjoint du tribunal de Sidi M\u2019hamed, Ahmed Belhadi, par l\u2019inspection g\u00e9n\u00e9rale du minist\u00e8re de la justice, qualifiant cette d\u00e9marche de la tutelle d\u2019\u00abentrave au processus d\u2019ind\u00e9pendance de la justice\u00bb.<\/p>\n<p>\u00a0Ahmed Belhadi, qui s\u2019\u00e9tait distingu\u00e9, dimanche, par un r\u00e9quisitoire en faveur des \u00abhirakistes\u00bb et pour l\u2019ind\u00e9pendance de la justice, a \u00e9t\u00e9, en effet, convoqu\u00e9 le lendemain lundi par sa tutelle.<\/p>\n<p>Le club des magistrats qui a donc rendu public un communiqu\u00e9 en fin d\u2019apr\u00e8s-midi, affirme que \u00able v\u00e9ritable combat de cette g\u00e9n\u00e9ration de magistrats qui d\u00e9coule d\u2019une grande r\u00e9volution populaire (\u2026), est un combat pour l\u2019ind\u00e9pendance de la justice vis-\u00e0-vis d\u2019un ministre de la justice et de services minist\u00e9riels tyranniques et arrogants qui redoutent la d\u00e9marche de ces jeunes magistrats qui expriment leurs avis sur des affaires qui les concernent (\u2026)\u00bb.<\/p>\n<p>Aussi, le club des magistrats estime que le ministre de la justice et ses services voient en la d\u00e9marche de ces \u00abhonorables magistrats un danger qui menace leur existence qui sert \u00e0 garantir la soumission du pouvoir judiciaire aux pouvoirs \u00a0totalitaires\u00bb.<\/p>\n<p class=\"c6\"><strong>R\u00e9daction Web \u00a0<\/strong><\/p>\n<\/div>\n<p>Auteur:<br \/>\n<a href=\"https:\/\/www.liberte-algerie.com\/actualite\/la-reaction-virulente-du-club-des-magistrats-333703\">Cliquez ici pour lire l&rsquo;article depuis sa source.<\/a><\/p>\n","protected":false},"excerpt":{"rendered":"<p>Le club des magistrats a r\u00e9agi, ce mardi, \u00e0 la convocation du procureur \u00a0adjoint du tribunal de Sidi M\u2019hamed, Ahmed Belhadi, par l\u2019inspection g\u00e9n\u00e9rale du minist\u00e8re de la justice, qualifiant cette d\u00e9marche de la tutelle d\u2019\u00abentrave au processus d\u2019ind\u00e9pendance de la justice\u00bb. \u00a0Ahmed Belhadi, qui s\u2019\u00e9tait distingu\u00e9, dimanche, par un r\u00e9quisitoire en faveur des \u00abhirakistes\u00bb [&hellip;]<\/p>\n","protected":false},"author":1742,"featured_media":0,"comment_status":"closed","ping_status":"closed","sticky":false,"template":"","format":"standard","meta":{"fifu_image_url":"","fifu_image_alt":"","footnotes":""},"categories":[73,53],"tags":[],"class_list":["post-75790","post","type-post","status-publish","format-standard","hentry","category-actualite","category-algerie"],"_links":{"self":[{"href":"https:\/\/linitiative.ca\/International\/wp-json\/wp\/v2\/posts\/75790","targetHints":{"allow":["GET"]}}],"collection":[{"href":"https:\/\/linitiative.ca\/International\/wp-json\/wp\/v2\/posts"}],"about":[{"href":"https:\/\/linitiative.ca\/International\/wp-json\/wp\/v2\/types\/post"}],"author":[{"embeddable":true,"href":"https:\/\/linitiative.ca\/International\/wp-json\/wp\/v2\/users\/1742"}],"replies":[{"embeddable":true,"href":"https:\/\/linitiative.ca\/International\/wp-json\/wp\/v2\/comments?post=75790"}],"version-history":[{"count":0,"href":"https:\/\/linitiative.ca\/International\/wp-json\/wp\/v2\/posts\/75790\/revisions"}],"wp:attachment":[{"href":"https:\/\/linitiative.ca\/International\/wp-json\/wp\/v2\/media?parent=75790"}],"wp:term":[{"taxonomy":"category","embeddable":true,"href":"https:\/\/linitiative.ca\/International\/wp-json\/wp\/v2\/categories?post=75790"},{"taxonomy":"post_tag","embeddable":true,"href":"https:\/\/linitiative.ca\/International\/wp-json\/wp\/v2\/tags?post=75790"}],"curies":[{"name":"wp","href":"https:\/\/api.w.org\/{rel}","templated":true}]}}