{"id":75793,"date":"2020-02-11T07:40:11","date_gmt":"2020-02-11T12:40:11","guid":{"rendered":"https:\/\/linitiative.ca\/International\/quelque-340-beneficiaires-dune-caravane-ophtalmologique-mobile\/"},"modified":"2020-02-11T07:40:11","modified_gmt":"2020-02-11T12:40:11","slug":"quelque-340-beneficiaires-dune-caravane-ophtalmologique-mobile","status":"publish","type":"post","link":"https:\/\/linitiative.ca\/International\/quelque-340-beneficiaires-dune-caravane-ophtalmologique-mobile\/","title":{"rendered":"Quelque 340 b\u00e9n\u00e9ficiaires d\u2019une caravane ophtalmologique mobile"},"content":{"rendered":"<div readability=\"35\">\n<p>Commune d\u2019Ait Faska (Al Haouz) \u2013 Quelque 340 personnes issues de la commune d\u2019Ait Faska et des zones avoisinantes relevant de la province d\u2019Al Haouz, ont b\u00e9n\u00e9fici\u00e9 r\u00e9cemment d\u2019une caravane m\u00e9dicale mobile d\u00e9di\u00e9e au traitement des maladies ophtalmologiques.<\/p>\n<\/div>\n<div readability=\"72\">\n<p>Initi\u00e9e par l\u2019Association Marocaine M\u00e9dicale pour la Solidarit\u00e9 en partenariat avec le minist\u00e8re de la Sant\u00e9, les autorit\u00e9s locales et le Croissant Rouge Marocain, cette action humaine et solidaire a \u00e9t\u00e9 l\u2019occasion de r\u00e9aliser 110 op\u00e9rations de chirurgie oculaire notamment, de la cataracte, encadr\u00e9e par un staff m\u00e9dical compos\u00e9 de 6 m\u00e9decins, trois infirmiers et trois techniciens.<\/p>\n<p>Cette initiative a b\u00e9n\u00e9fici\u00e9 \u00e9galement de l\u2019encadrement de 10 \u00e9l\u00e9ments du Croissant Rouge Marocain, outre de b\u00e9n\u00e9voles affili\u00e9s \u00e0 l\u2019Association Anouar pour le D\u00e9veloppement et la Solidarit\u00e9.<\/p>\n<p>Approch\u00e9 par la MAP, le pr\u00e9sident de l\u2019Association Marocaine M\u00e9dicale de Solidarit\u00e9, Mohamed Dekkak, s\u2019est f\u00e9licit\u00e9 de l\u2019excellente organisation de cette caravane qui, a-t-il dit, a \u00ab\u00a0\u00e9t\u00e9 un grand succ\u00e8s\u00a0\u00bb gr\u00e2ce \u00e0 la conjugaison des efforts de l\u2019ensemble des parties concern\u00e9es (b\u00e9n\u00e9voles, autorit\u00e9s locales et provinciales, et acteurs de la soci\u00e9t\u00e9 civile) mais aussi, \u00e0 l\u2019implication effective de la population locale pour garantir la r\u00e9ussite de ce geste humain.<\/p>\n<p>Et de poursuivre que cette caravane m\u00e9dicale ophtalmologique s\u2019inscrit dans le cadre du programme annuel de l\u2019Association notamment dans son volet relatif \u00e0 l\u2019assistance m\u00e9dicale aux populations d\u2019Al Haouz et \u00e0 l\u2019offre de prestations m\u00e9dicales \u00e0 titre gracieux, aux personnes issues de milieux d\u00e9favoris\u00e9s.<\/p>\n<p>De leur c\u00f4t\u00e9, plusieurs b\u00e9n\u00e9ficiaires de soins dans le cadre de cette initiative, ont lou\u00e9 la pertinence de cette action humaine et solidaire, \u00e9mettant le voeu de voir ce genre d\u2019initiatives se multiplier \u00e0 l\u2019avenir pour venir en aide aux populations qui sont dans le besoin et att\u00e9nuer ainsi leurs souffrances.<\/p>\n<\/div>\n<p>Auteur: Meriem IGASS<br \/>\n<a href=\"http:\/\/www.mapmarrakech.ma\/fr\/quelque-340-beneficiaires-dune-caravane-ophtalmologique-mobile\/\">Cliquez ici pour lire l&rsquo;article depuis sa source.<\/a><\/p>\n","protected":false},"excerpt":{"rendered":"<p>Commune d\u2019Ait Faska (Al Haouz) \u2013 Quelque 340 personnes issues de la commune d\u2019Ait Faska et des zones avoisinantes relevant de la province d\u2019Al Haouz, ont b\u00e9n\u00e9fici\u00e9 r\u00e9cemment d\u2019une caravane m\u00e9dicale mobile d\u00e9di\u00e9e au traitement des maladies ophtalmologiques. Initi\u00e9e par l\u2019Association Marocaine M\u00e9dicale pour la Solidarit\u00e9 en partenariat avec le minist\u00e8re de la Sant\u00e9, les [&hellip;]<\/p>\n","protected":false},"author":1788,"featured_media":0,"comment_status":"closed","ping_status":"closed","sticky":false,"template":"","format":"standard","meta":{"fifu_image_url":"","fifu_image_alt":"","footnotes":""},"categories":[54,76],"tags":[],"class_list":["post-75793","post","type-post","status-publish","format-standard","hentry","category-maroc","category-regions"],"_links":{"self":[{"href":"https:\/\/linitiative.ca\/International\/wp-json\/wp\/v2\/posts\/75793","targetHints":{"allow":["GET"]}}],"collection":[{"href":"https:\/\/linitiative.ca\/International\/wp-json\/wp\/v2\/posts"}],"about":[{"href":"https:\/\/linitiative.ca\/International\/wp-json\/wp\/v2\/types\/post"}],"author":[{"embeddable":true,"href":"https:\/\/linitiative.ca\/International\/wp-json\/wp\/v2\/users\/1788"}],"replies":[{"embeddable":true,"href":"https:\/\/linitiative.ca\/International\/wp-json\/wp\/v2\/comments?post=75793"}],"version-history":[{"count":0,"href":"https:\/\/linitiative.ca\/International\/wp-json\/wp\/v2\/posts\/75793\/revisions"}],"wp:attachment":[{"href":"https:\/\/linitiative.ca\/International\/wp-json\/wp\/v2\/media?parent=75793"}],"wp:term":[{"taxonomy":"category","embeddable":true,"href":"https:\/\/linitiative.ca\/International\/wp-json\/wp\/v2\/categories?post=75793"},{"taxonomy":"post_tag","embeddable":true,"href":"https:\/\/linitiative.ca\/International\/wp-json\/wp\/v2\/tags?post=75793"}],"curies":[{"name":"wp","href":"https:\/\/api.w.org\/{rel}","templated":true}]}}