{"id":75794,"date":"2020-02-11T08:09:36","date_gmt":"2020-02-11T13:09:36","guid":{"rendered":"https:\/\/linitiative.ca\/International\/marrakech-un-business-women-club-voit-le-jour\/"},"modified":"2020-02-11T08:09:36","modified_gmt":"2020-02-11T13:09:36","slug":"marrakech-un-business-women-club-voit-le-jour","status":"publish","type":"post","link":"https:\/\/linitiative.ca\/International\/marrakech-un-business-women-club-voit-le-jour\/","title":{"rendered":"Marrakech : Un Business Women Club voit le jour"},"content":{"rendered":"<p><iframe loading=\"lazy\" width=\"1170\" height=\"658\" src=\"https:\/\/www.youtube.com\/embed\/q2PAHADY1jU?feature=oembed\" frameborder=\"0\" allow=\"accelerometer; autoplay; encrypted-media; gyroscope; picture-in-picture\" allowfullscreen=\"\">[embedded content]<\/iframe><\/p>\n<div class=\"post-header-inner post-header-title\">\n<p><span class=\"time\"><time class=\"post-published updated\" datetime=\"2020-02-11T14:09:36+00:00\"><strong>11 f\u00e9vrier 2020<\/strong><\/time><\/span><\/p>\n<\/div>\n<div class=\"single-post-excerpt post-excerpt-bc\" readability=\"38\">\n<p>La cr\u00e9ation du Business Women Club (BWC) vise \u00e0 permettre aux femmes de r\u00e9ussir dans le monde des affaires, a soulign\u00e9 samedi \u00e0 Marrakech, Mme Ilham Belkeziz, pr\u00e9sidente dudit Club, qui a vu le jour r\u00e9cemment dans la Cit\u00e9 ocre.<\/p>\n<\/div>\n<p>Auteur: Meriem IGASS<br \/>\n<a href=\"http:\/\/www.mapmarrakech.ma\/fr\/marrakech-un-business-women-club-voit-le-jour\/\">Cliquez ici pour lire l&rsquo;article depuis sa source.<\/a><\/p>\n","protected":false},"excerpt":{"rendered":"<p>[embedded content] 11 f\u00e9vrier 2020 La cr\u00e9ation du Business Women Club (BWC) vise \u00e0 permettre aux femmes de r\u00e9ussir dans le monde des affaires, a soulign\u00e9 samedi \u00e0 Marrakech, Mme Ilham Belkeziz, pr\u00e9sidente dudit Club, qui a vu le jour r\u00e9cemment dans la Cit\u00e9 ocre. Auteur: Meriem IGASS Cliquez ici pour lire l&rsquo;article depuis sa [&hellip;]<\/p>\n","protected":false},"author":1788,"featured_media":0,"comment_status":"closed","ping_status":"closed","sticky":false,"template":"","format":"standard","meta":{"fifu_image_url":"","fifu_image_alt":"","footnotes":""},"categories":[54,76],"tags":[],"class_list":["post-75794","post","type-post","status-publish","format-standard","hentry","category-maroc","category-regions"],"_links":{"self":[{"href":"https:\/\/linitiative.ca\/International\/wp-json\/wp\/v2\/posts\/75794","targetHints":{"allow":["GET"]}}],"collection":[{"href":"https:\/\/linitiative.ca\/International\/wp-json\/wp\/v2\/posts"}],"about":[{"href":"https:\/\/linitiative.ca\/International\/wp-json\/wp\/v2\/types\/post"}],"author":[{"embeddable":true,"href":"https:\/\/linitiative.ca\/International\/wp-json\/wp\/v2\/users\/1788"}],"replies":[{"embeddable":true,"href":"https:\/\/linitiative.ca\/International\/wp-json\/wp\/v2\/comments?post=75794"}],"version-history":[{"count":0,"href":"https:\/\/linitiative.ca\/International\/wp-json\/wp\/v2\/posts\/75794\/revisions"}],"wp:attachment":[{"href":"https:\/\/linitiative.ca\/International\/wp-json\/wp\/v2\/media?parent=75794"}],"wp:term":[{"taxonomy":"category","embeddable":true,"href":"https:\/\/linitiative.ca\/International\/wp-json\/wp\/v2\/categories?post=75794"},{"taxonomy":"post_tag","embeddable":true,"href":"https:\/\/linitiative.ca\/International\/wp-json\/wp\/v2\/tags?post=75794"}],"curies":[{"name":"wp","href":"https:\/\/api.w.org\/{rel}","templated":true}]}}