{"id":75796,"date":"2020-02-11T10:41:47","date_gmt":"2020-02-11T15:41:47","guid":{"rendered":"https:\/\/linitiative.ca\/International\/illizi-developper-un-tourisme-saharien-economiquement-durable\/"},"modified":"2020-02-11T10:41:47","modified_gmt":"2020-02-11T15:41:47","slug":"illizi-developper-un-tourisme-saharien-economiquement-durable","status":"publish","type":"post","link":"https:\/\/linitiative.ca\/International\/illizi-developper-un-tourisme-saharien-economiquement-durable\/","title":{"rendered":"Illizi : d\u00e9velopper un tourisme saharien \u00e9conomiquement durable"},"content":{"rendered":"<div readability=\"38\">\n<p><strong>ILLIZI- Les participants \u00e0 un s\u00e9minaire national sur \u00ab\u00a0Le tourisme saharien, r\u00e9alit\u00e9 et perspectives de d\u00e9veloppement\u00a0\u00bb, tenu mardi \u00e0 Illizi, ont mis en avant l\u2019importance du d\u00e9veloppement du tourisme\u00a0saharien, en tant que levier de d\u00e9veloppement \u00e9conomique durable.<\/strong><\/p>\n<\/div>\n<div readability=\"76.5\">\n<p>Les intervenants lors de cette rencontre, organis\u00e9e au Centre universitaire, ont mis l\u2019accent sur le d\u00e9veloppement du tourisme saharien, en tant que segment \u00e9conomique cr\u00e9ateur d\u2019emplois et g\u00e9n\u00e9rateur de richesse et de d\u00e9veloppement durable.<\/p>\n<p>Le pr\u00e9sident du s\u00e9minaire, Abdelghani Benhamed, a indiqu\u00e9 que cette rencontre acad\u00e9mique vise \u00e0 conf\u00e9rer un cadre th\u00e9orique et scientifique \u00e0 la notion du tourisme saharien, valoriser les conditions de promotion du produit touristique saharien en Alg\u00e9rie, et avancer des suggestions pour relancer le tourisme saharien, dans la r\u00e9gion du Tassili, et en Alg\u00e9rie de fa\u00e7on g\u00e9n\u00e9rale.<\/p>\n<blockquote readability=\"10\">\n<p><em><strong>Le charg\u00e9 de la promotion du tourisme au minist\u00e8re du tourisme et de l\u2019artisanat, Nabil Mellouk, a pr\u00e9sent\u00e9 un expos\u00e9 sur les grands axes de la strat\u00e9gie de d\u00e9veloppement du tourisme saharien, et visant l\u2019impulsion de ce secteur \u00e9conomique prometteur.<\/strong><\/em><\/p>\n<\/blockquote>\n<p>Les intervenants \u00e0 cette rencontre ont notamment mis en exergue l\u2019importance du tourisme saharien, en tant que locomotive du d\u00e9veloppement touristique en Alg\u00e9rie, et le r\u00f4le des du secteur bancaire comme m\u00e9canisme de financement et de promotion du produit touristique saharien, ainsi que les contraintes rencontr\u00e9es par les acteurs du tourisme saharien, notamment dans les r\u00e9gions frontali\u00e8res.<\/p>\n<blockquote readability=\"11\">\n<p><em><strong>Les participants ont \u00e9galement examin\u00e9, lors ce cette rencontre d\u00e9di\u00e9e \u00e0 la probl\u00e9matique \u00ab\u00a0des voies de promotion du tourisme saharien pour un d\u00e9veloppement \u00e9conomique durable\u00a0\u00bb, d\u2019autres th\u00e8mes li\u00e9s au \u00ab\u00a0patrimoine culturel et r\u00e9alit\u00e9 du secteur du tourisme dans le Sud\u00a0\u00bb, \u00ab\u00a0la mission des m\u00e9dia et des nouvelles technologies dans la promotion du produit touristiques saharien\u00a0\u00bb et \u00ab\u00a0les exp\u00e9riences de l\u2019industrie touristique saharienne\u00a0\u00bb.<\/strong><\/em><\/p>\n<\/blockquote>\n<p>Cet \u00e9v\u00e8nement a \u00e9t\u00e9 mis \u00e0 profit pour signer une convention de partenariat entre le Centre universitaire d\u2019Illizi et un groupe touristique priv\u00e9 pr\u00e9voyant la participation acad\u00e9mique d\u2019Illizi au congr\u00e8s international\u00a0\u00ab\u00a0Tourisme, perspectives d\u2019un investissement alternatif\u00a0\u00bb, pr\u00e9vu en avril prochain \u00e0 Alger.<\/p>\n<p>La rencontre est organis\u00e9e par l\u2019Institut des sciences commerciales et \u00e9conomiques du Centre universitaire d\u2019Illizi, avec le concours du Laboratoire du d\u00e9veloppement des affaires modernes et leur performance dans le Tassili.<\/p>\n<\/div>\n<p>Auteur:<br \/>\n<a href=\"http:\/\/www.aps.dz\/regions\/101482-illizi-developper-un-tourisme-saharien-economiquement-durable\">Cliquez ici pour lire l&rsquo;article depuis sa source.<\/a><\/p>\n","protected":false},"excerpt":{"rendered":"<p>ILLIZI- Les participants \u00e0 un s\u00e9minaire national sur \u00ab\u00a0Le tourisme saharien, r\u00e9alit\u00e9 et perspectives de d\u00e9veloppement\u00a0\u00bb, tenu mardi \u00e0 Illizi, ont mis en avant l\u2019importance du d\u00e9veloppement du tourisme\u00a0saharien, en tant que levier de d\u00e9veloppement \u00e9conomique durable. Les intervenants lors de cette rencontre, organis\u00e9e au Centre universitaire, ont mis l\u2019accent sur le d\u00e9veloppement du tourisme [&hellip;]<\/p>\n","protected":false},"author":1790,"featured_media":0,"comment_status":"closed","ping_status":"closed","sticky":false,"template":"","format":"standard","meta":{"fifu_image_url":"","fifu_image_alt":"","footnotes":""},"categories":[53,76],"tags":[],"class_list":["post-75796","post","type-post","status-publish","format-standard","hentry","category-algerie","category-regions"],"_links":{"self":[{"href":"https:\/\/linitiative.ca\/International\/wp-json\/wp\/v2\/posts\/75796","targetHints":{"allow":["GET"]}}],"collection":[{"href":"https:\/\/linitiative.ca\/International\/wp-json\/wp\/v2\/posts"}],"about":[{"href":"https:\/\/linitiative.ca\/International\/wp-json\/wp\/v2\/types\/post"}],"author":[{"embeddable":true,"href":"https:\/\/linitiative.ca\/International\/wp-json\/wp\/v2\/users\/1790"}],"replies":[{"embeddable":true,"href":"https:\/\/linitiative.ca\/International\/wp-json\/wp\/v2\/comments?post=75796"}],"version-history":[{"count":0,"href":"https:\/\/linitiative.ca\/International\/wp-json\/wp\/v2\/posts\/75796\/revisions"}],"wp:attachment":[{"href":"https:\/\/linitiative.ca\/International\/wp-json\/wp\/v2\/media?parent=75796"}],"wp:term":[{"taxonomy":"category","embeddable":true,"href":"https:\/\/linitiative.ca\/International\/wp-json\/wp\/v2\/categories?post=75796"},{"taxonomy":"post_tag","embeddable":true,"href":"https:\/\/linitiative.ca\/International\/wp-json\/wp\/v2\/tags?post=75796"}],"curies":[{"name":"wp","href":"https:\/\/api.w.org\/{rel}","templated":true}]}}