{"id":75799,"date":"2020-02-11T13:13:22","date_gmt":"2020-02-11T18:13:22","guid":{"rendered":"https:\/\/linitiative.ca\/International\/saison-estivale-une-batterie-de-mesures-pour-pallier-aux-insuffisances-en-perspective-de-lete-2020-a-el-taref\/"},"modified":"2020-02-11T13:13:22","modified_gmt":"2020-02-11T18:13:22","slug":"saison-estivale-une-batterie-de-mesures-pour-pallier-aux-insuffisances-en-perspective-de-lete-2020-a-el-taref","status":"publish","type":"post","link":"https:\/\/linitiative.ca\/International\/saison-estivale-une-batterie-de-mesures-pour-pallier-aux-insuffisances-en-perspective-de-lete-2020-a-el-taref\/","title":{"rendered":"Saison estivale : une batterie de mesures pour pallier aux insuffisances en perspective de l\u2019\u00e9t\u00e9 2020 \u00e0 El Taref"},"content":{"rendered":"<div readability=\"36\">\n<p><strong>\u00a0EL TARF- Une batterie de mesures destin\u00e9es \u00e0 pallier aux insuffisances relev\u00e9es \u00e0 El Tarf lors de la pr\u00e9c\u00e9dente saison estivale et r\u00e9ussir celle de 2020 a \u00e9t\u00e9 pr\u00e9vue par la direction locale du tourisme\u00a0et de l\u2019artisanat, a-t-on appris mardi de la responsable du secteur Nedjla Bechainia.<\/strong><\/p>\n<\/div>\n<div readability=\"79\">\n<p>\u00ab\u00a0Ces mesures ont \u00e9t\u00e9 prises au terme de quatre r\u00e9unions locales sanctionnant deux sorties d\u2019inspection, effectu\u00e9es r\u00e9cemment par une commission de wilaya \u00e0 laquelle a \u00e9t\u00e9 confi\u00e9 le contr\u00f4le des 15 plages\u00a0ouvertes \u00e0 la baignade\u00a0\u00bb, a affirm\u00e9 Mme Bechainia.<\/p>\n<blockquote readability=\"9\">\n<p><em><strong>Ces dispositions qui s\u2019inscrivent dans le cadre de l\u2019\u00e9valuation de l\u2019\u00e9t\u00e9 dernier et du \u00ab\u00a0recensement\u00a0\u00bb des lacunes l\u2019ayant caract\u00e9ris\u00e9, a-t-elle dit, visent \u00e0 \u00ab\u00a0corriger les d\u00e9ficits et \u00e0 rem\u00e9dier aux insuffisances pour\u00a0assurer le bon d\u00e9roulement de l\u2019\u00e9t\u00e9 2020\u00a0\u00bb.<\/strong><\/em><\/p>\n<\/blockquote>\n<p>Elle a \u00e9galement indiqu\u00e9 que les insuffisances relev\u00e9es ont trait, entre autres, \u00e0 l\u2019absence de panneaux signalant le nom des plages, l\u2019insalubrit\u00e9, le manque d\u2019am\u00e9nagement des entr\u00e9es des plages ainsi que l\u2019\u00e9clairage public et l\u2019alimentation en eau potable.<\/p>\n<p>Le manque d\u2019hygi\u00e8ne caract\u00e9risant certaines plages, la d\u00e9gradation des escaliers menant vers les plages et l\u2019abandon de c\u00e2bles \u00e9lectriques sur sites, \u00e0 l\u2019instar des plages d\u2019El Chatt, Souarekh et El Battah font\u00a0\u00e9galement partie des points noirs relev\u00e9s.<\/p>\n<blockquote readability=\"14\">\n<p><em><strong>Le dispositif \u00e9labor\u00e9, conform\u00e9ment aux instructions du chef de l\u2019ex\u00e9cutif local, suite au constat fait sur le terrain, est ax\u00e9 essentiellement sur la prise en charge, d\u2019ores et d\u00e9j\u00e0, des \u00ab\u00a0points noirs\u00a0\u00bb relev\u00e9s et la\u00a0proposition d\u2019op\u00e9rations n\u00e9cessaires \u00e0 l\u2019embellissement des diff\u00e9rentes plages ouvertes \u00e0 la baignade pour un s\u00e9jour des plus accueillants des estivants et des visiteurs attendus l\u2019\u00e9t\u00e9 prochain dans cette wilaya\u00a0frontali\u00e8re, r\u00e9put\u00e9e pour ses atouts qui gagnent \u00e0 \u00eatre valoris\u00e9s.<\/strong><\/em><\/p>\n<\/blockquote>\n<p>Une batterie de d\u00e9cisions a \u00e9t\u00e9 \u00e9galement prise et concernent l\u2019extension des parkings des plages d\u2019El Chatt et les Sables d\u2019or en sus du transfert du ch\u00e2teau d\u2019eau de la plage Cap Roza \u00e0 celle d\u2019El Aouinet et\u00a0l\u2019assainissement des camps de vacances, a-t-on not\u00e9.<\/p>\n<blockquote readability=\"14\">\n<p><em><strong>Des propositions ayant trait notamment \u00e0 la possibilit\u00e9 d\u2019ouverture \u00e0 la baignade de la plage 5 juillet, relevant de la commune d\u2019El Chatt, en sus de la s\u00e9lection de sites devant abriter des espaces d\u00e9di\u00e9s aux loisirs et \u00e0 la d\u00e9tente, ont \u00e9t\u00e9, par ailleurs, formul\u00e9es par les services concern\u00e9s en vue d\u2019assurer les \u00ab\u00a0meilleures conditions\u00a0\u00bb de s\u00e9jour aux estivants durant l\u2019\u00e9t\u00e9 2020, a-t-on signal\u00e9.<\/strong><\/em><\/p>\n<\/blockquote>\n<p>Un programme de contr\u00f4le des 19 \u00e9tablissements h\u00f4teliers assurant des prestations aux touristes dans les da\u00efras d\u2019El Kala et Boutheldja, a \u00e9t\u00e9 par ailleurs \u00e9tabli en pr\u00e9vision de l\u2019\u00e9t\u00e9 2020, en coordination avec les\u00a0services concern\u00e9s (sant\u00e9, commerce et protection civile), a conclu la responsable du secteur.<\/p>\n<\/div>\n<p>Auteur:<br \/>\n<a href=\"http:\/\/www.aps.dz\/regions\/101502-saison-estivale-une-batterie-de-mesures-pour-pallier-aux-insuffisances-en-perspective-de-l-ete-2020-a-el-taref\">Cliquez ici pour lire l&rsquo;article depuis sa source.<\/a><\/p>\n","protected":false},"excerpt":{"rendered":"<p>\u00a0EL TARF- Une batterie de mesures destin\u00e9es \u00e0 pallier aux insuffisances relev\u00e9es \u00e0 El Tarf lors de la pr\u00e9c\u00e9dente saison estivale et r\u00e9ussir celle de 2020 a \u00e9t\u00e9 pr\u00e9vue par la direction locale du tourisme\u00a0et de l\u2019artisanat, a-t-on appris mardi de la responsable du secteur Nedjla Bechainia. \u00ab\u00a0Ces mesures ont \u00e9t\u00e9 prises au terme de [&hellip;]<\/p>\n","protected":false},"author":1790,"featured_media":0,"comment_status":"closed","ping_status":"closed","sticky":false,"template":"","format":"standard","meta":{"fifu_image_url":"","fifu_image_alt":"","footnotes":""},"categories":[53,76],"tags":[],"class_list":["post-75799","post","type-post","status-publish","format-standard","hentry","category-algerie","category-regions"],"_links":{"self":[{"href":"https:\/\/linitiative.ca\/International\/wp-json\/wp\/v2\/posts\/75799","targetHints":{"allow":["GET"]}}],"collection":[{"href":"https:\/\/linitiative.ca\/International\/wp-json\/wp\/v2\/posts"}],"about":[{"href":"https:\/\/linitiative.ca\/International\/wp-json\/wp\/v2\/types\/post"}],"author":[{"embeddable":true,"href":"https:\/\/linitiative.ca\/International\/wp-json\/wp\/v2\/users\/1790"}],"replies":[{"embeddable":true,"href":"https:\/\/linitiative.ca\/International\/wp-json\/wp\/v2\/comments?post=75799"}],"version-history":[{"count":0,"href":"https:\/\/linitiative.ca\/International\/wp-json\/wp\/v2\/posts\/75799\/revisions"}],"wp:attachment":[{"href":"https:\/\/linitiative.ca\/International\/wp-json\/wp\/v2\/media?parent=75799"}],"wp:term":[{"taxonomy":"category","embeddable":true,"href":"https:\/\/linitiative.ca\/International\/wp-json\/wp\/v2\/categories?post=75799"},{"taxonomy":"post_tag","embeddable":true,"href":"https:\/\/linitiative.ca\/International\/wp-json\/wp\/v2\/tags?post=75799"}],"curies":[{"name":"wp","href":"https:\/\/api.w.org\/{rel}","templated":true}]}}