{"id":75805,"date":"2020-02-11T15:14:00","date_gmt":"2020-02-11T20:14:00","guid":{"rendered":"https:\/\/linitiative.ca\/International\/international-philippe-coutinho-a-la-relance-en-italie\/"},"modified":"2020-02-11T15:14:00","modified_gmt":"2020-02-11T20:14:00","slug":"international-philippe-coutinho-a-la-relance-en-italie","status":"publish","type":"post","link":"https:\/\/linitiative.ca\/International\/international-philippe-coutinho-a-la-relance-en-italie\/","title":{"rendered":"International : Philippe Coutinho \u00e0 la relance en Italie ?"},"content":{"rendered":"<div readability=\"32\">\n<p>Auteur : <span class=\"time\">mardi 11 f\u00e9vrier 2020 15:00<\/span><\/p>\n<\/div>\n<div id=\"post_core\" readability=\"40\">\n<p>En effet, les dirigeants bavarois auraient d\u00e9cid\u00e9 de ne pas lever l\u2019option d\u2019achat dont ils disposent. L\u2019international br\u00e9silien fera donc son retour au FC Barcelone au mois de juin prochain. Concernant son avenir, le Bar\u00e7a envisagerait de le vendre. Un prix de 80 millions d\u2019euros aurait m\u00eame \u00e9t\u00e9 fix\u00e9 pour le joueur qui avait \u00e9t\u00e9 recrut\u00e9 en janvier 2018 pour pr\u00e8s de 145 M\u20ac. Selon Mundo Deportivo et Les-Transferts, la formation de la Juventus Turin suivrait de pr\u00e8s ce dossier. Les Bianconeri pourraient tenter une offre sous forme de pr\u00eat.<\/p>\n<p><strong>Publi\u00e9 dans :<\/strong> <span>juventus<\/span> <span>Coutinho<\/span><\/p>\n<\/div>\n<p>Auteur:<br \/>\n<a href=\"http:\/\/www.lebuteur.com\/article\/detail?titre=philippe-coutinho-a-la-relance-en-italie&#038;id=94758&#038;utm_source=feedburner&#038;utm_medium=feed&#038;utm_campaign=Feed%3A+GalerieFArtciles+%28Les+derniers+articles++-+lebuteur.com%29\">Cliquez ici pour lire l&rsquo;article depuis sa source.<\/a><\/p>\n","protected":false},"excerpt":{"rendered":"<p>Auteur : mardi 11 f\u00e9vrier 2020 15:00 En effet, les dirigeants bavarois auraient d\u00e9cid\u00e9 de ne pas lever l\u2019option d\u2019achat dont ils disposent. L\u2019international br\u00e9silien fera donc son retour au FC Barcelone au mois de juin prochain. Concernant son avenir, le Bar\u00e7a envisagerait de le vendre. Un prix de 80 millions d\u2019euros aurait m\u00eame \u00e9t\u00e9 [&hellip;]<\/p>\n","protected":false},"author":1738,"featured_media":75806,"comment_status":"closed","ping_status":"closed","sticky":false,"template":"","format":"standard","meta":{"fifu_image_url":"","fifu_image_alt":"","footnotes":""},"categories":[53,75],"tags":[],"class_list":["post-75805","post","type-post","status-publish","format-standard","has-post-thumbnail","hentry","category-algerie","category-sport"],"_links":{"self":[{"href":"https:\/\/linitiative.ca\/International\/wp-json\/wp\/v2\/posts\/75805","targetHints":{"allow":["GET"]}}],"collection":[{"href":"https:\/\/linitiative.ca\/International\/wp-json\/wp\/v2\/posts"}],"about":[{"href":"https:\/\/linitiative.ca\/International\/wp-json\/wp\/v2\/types\/post"}],"author":[{"embeddable":true,"href":"https:\/\/linitiative.ca\/International\/wp-json\/wp\/v2\/users\/1738"}],"replies":[{"embeddable":true,"href":"https:\/\/linitiative.ca\/International\/wp-json\/wp\/v2\/comments?post=75805"}],"version-history":[{"count":0,"href":"https:\/\/linitiative.ca\/International\/wp-json\/wp\/v2\/posts\/75805\/revisions"}],"wp:featuredmedia":[{"embeddable":true,"href":"https:\/\/linitiative.ca\/International\/wp-json\/"}],"wp:attachment":[{"href":"https:\/\/linitiative.ca\/International\/wp-json\/wp\/v2\/media?parent=75805"}],"wp:term":[{"taxonomy":"category","embeddable":true,"href":"https:\/\/linitiative.ca\/International\/wp-json\/wp\/v2\/categories?post=75805"},{"taxonomy":"post_tag","embeddable":true,"href":"https:\/\/linitiative.ca\/International\/wp-json\/wp\/v2\/tags?post=75805"}],"curies":[{"name":"wp","href":"https:\/\/api.w.org\/{rel}","templated":true}]}}