{"id":75807,"date":"2020-02-11T15:14:04","date_gmt":"2020-02-11T20:14:04","guid":{"rendered":"https:\/\/linitiative.ca\/International\/equipe-dalgerie-valenciennes-boutoutaou-passe-professionnel\/"},"modified":"2020-02-11T15:14:04","modified_gmt":"2020-02-11T20:14:04","slug":"equipe-dalgerie-valenciennes-boutoutaou-passe-professionnel","status":"publish","type":"post","link":"https:\/\/linitiative.ca\/International\/equipe-dalgerie-valenciennes-boutoutaou-passe-professionnel\/","title":{"rendered":"Equipe d&rsquo;Alg\u00e9rie : Valenciennes : Boutoutaou passe professionnel !"},"content":{"rendered":"<div readability=\"32\">\n<p>Auteur : <span>Moumen A.<\/span> <span class=\"time\">mardi 11 f\u00e9vrier 2020 17:46<\/span><\/p>\n<\/div>\n<div id=\"post_core\" readability=\"38\">\n<p>Apr\u00e8s un d\u00e9but prometteur en Coupe de France le jeune milieu de terrain offensif alg\u00e9rien de Valenciennes FC\u00a0 Aymen Boutoutaou avait confirm\u00e9 tout son talent lors des br\u00e8ves apparitions faites en Ligue 2 fran\u00e7aise cette saison. C\u2019est ainsi qu\u2019il vient de signer son premier contrat professionnel avec le club du Nord de la France. Boutoutaou qui\u00a0 nous avait annonc\u00e9 en exclusivit\u00e9 son choix pour l\u2019alg\u00e9rien \u00e0 18 ans, sera Valenciennois \u00a0jusqu\u2019en 2023.\u00a0\u00a0 Le natif de Lille portera le num\u00e9ro 17.<\/p>\n<p><strong>Moumen A.<\/strong><\/p>\n<p><strong>Publi\u00e9 dans :<\/strong> <span>Belmadi<\/span> <span>Aymen Boutoutaou<\/span><\/p>\n<\/div>\n<p>Auteur:<br \/>\n<a href=\"http:\/\/www.lebuteur.com\/article\/detail?titre=valenciennes-boutoutaou-passe-professionnel&#038;id=94759&#038;utm_source=feedburner&#038;utm_medium=feed&#038;utm_campaign=Feed%3A+GalerieFArtciles+%28Les+derniers+articles++-+lebuteur.com%29\">Cliquez ici pour lire l&rsquo;article depuis sa source.<\/a><\/p>\n","protected":false},"excerpt":{"rendered":"<p>Auteur : Moumen A. mardi 11 f\u00e9vrier 2020 17:46 Apr\u00e8s un d\u00e9but prometteur en Coupe de France le jeune milieu de terrain offensif alg\u00e9rien de Valenciennes FC\u00a0 Aymen Boutoutaou avait confirm\u00e9 tout son talent lors des br\u00e8ves apparitions faites en Ligue 2 fran\u00e7aise cette saison. C\u2019est ainsi qu\u2019il vient de signer son premier contrat professionnel [&hellip;]<\/p>\n","protected":false},"author":1738,"featured_media":75808,"comment_status":"closed","ping_status":"closed","sticky":false,"template":"","format":"standard","meta":{"fifu_image_url":"","fifu_image_alt":"","footnotes":""},"categories":[53,75],"tags":[],"class_list":["post-75807","post","type-post","status-publish","format-standard","has-post-thumbnail","hentry","category-algerie","category-sport"],"_links":{"self":[{"href":"https:\/\/linitiative.ca\/International\/wp-json\/wp\/v2\/posts\/75807","targetHints":{"allow":["GET"]}}],"collection":[{"href":"https:\/\/linitiative.ca\/International\/wp-json\/wp\/v2\/posts"}],"about":[{"href":"https:\/\/linitiative.ca\/International\/wp-json\/wp\/v2\/types\/post"}],"author":[{"embeddable":true,"href":"https:\/\/linitiative.ca\/International\/wp-json\/wp\/v2\/users\/1738"}],"replies":[{"embeddable":true,"href":"https:\/\/linitiative.ca\/International\/wp-json\/wp\/v2\/comments?post=75807"}],"version-history":[{"count":0,"href":"https:\/\/linitiative.ca\/International\/wp-json\/wp\/v2\/posts\/75807\/revisions"}],"wp:featuredmedia":[{"embeddable":true,"href":"https:\/\/linitiative.ca\/International\/wp-json\/"}],"wp:attachment":[{"href":"https:\/\/linitiative.ca\/International\/wp-json\/wp\/v2\/media?parent=75807"}],"wp:term":[{"taxonomy":"category","embeddable":true,"href":"https:\/\/linitiative.ca\/International\/wp-json\/wp\/v2\/categories?post=75807"},{"taxonomy":"post_tag","embeddable":true,"href":"https:\/\/linitiative.ca\/International\/wp-json\/wp\/v2\/tags?post=75807"}],"curies":[{"name":"wp","href":"https:\/\/api.w.org\/{rel}","templated":true}]}}