{"id":75809,"date":"2020-02-11T15:14:07","date_gmt":"2020-02-11T20:14:07","guid":{"rendered":"https:\/\/linitiative.ca\/International\/international-fc-barcelone-coup-dur-pour-dembele\/"},"modified":"2020-02-11T15:14:07","modified_gmt":"2020-02-11T20:14:07","slug":"international-fc-barcelone-coup-dur-pour-dembele","status":"publish","type":"post","link":"https:\/\/linitiative.ca\/International\/international-fc-barcelone-coup-dur-pour-dembele\/","title":{"rendered":"International : FC Barcelone: coup dur pour Demb\u00e9l\u00e9"},"content":{"rendered":"<div readability=\"32\">\n<p>Auteur : <span class=\"time\">mardi 11 f\u00e9vrier 2020 18:57<\/span><\/p>\n<\/div>\n<div id=\"post_core\" readability=\"41\">\n<p>Initialement annonc\u00e9 absent pour 4 mois, l&rsquo;ailier du FC Barcelone Ousmane Demb\u00e9l\u00e9 a \u00e9t\u00e9 op\u00e9r\u00e9 en Finlande ce mardi apr\u00e8s une rupture compl\u00e8te du tendon du biceps f\u00e9moral de la cuisse droite. Et selon un communiqu\u00e9 officiel du club catalan, l&rsquo;op\u00e9ration a \u00e9t\u00e9 un succ\u00e8s, mais l&rsquo;international fran\u00e7ais va finalement rater 6 mois de comp\u00e9tition ! Il s&rsquo;agit bien \u00e9videmment d&rsquo;un gros coup dur pour le Bar\u00e7a, mais aussi pour l&rsquo;ancien Rennais, qui ne disputera donc pas l&rsquo;Euro 2020 avec l&rsquo;\u00e9quipe de France. Trop souvent g\u00ean\u00e9 par les blessures depuis son arriv\u00e9e chez les Blaugrana, Demb\u00e9l\u00e9 sera attendu au tournant la saison prochaine rapporte Maxifoot.fr.<\/p>\n<p><strong>Publi\u00e9 dans :<\/strong> <span>Dembel\u00e9<\/span><\/p>\n<\/div>\n<p>Auteur:<br \/>\n<a href=\"http:\/\/www.lebuteur.com\/article\/detail?titre=fc-barcelone-coup-dur-pour-dembele&#038;id=94760&#038;utm_source=feedburner&#038;utm_medium=feed&#038;utm_campaign=Feed%3A+GalerieFArtciles+%28Les+derniers+articles++-+lebuteur.com%29\">Cliquez ici pour lire l&rsquo;article depuis sa source.<\/a><\/p>\n","protected":false},"excerpt":{"rendered":"<p>Auteur : mardi 11 f\u00e9vrier 2020 18:57 Initialement annonc\u00e9 absent pour 4 mois, l&rsquo;ailier du FC Barcelone Ousmane Demb\u00e9l\u00e9 a \u00e9t\u00e9 op\u00e9r\u00e9 en Finlande ce mardi apr\u00e8s une rupture compl\u00e8te du tendon du biceps f\u00e9moral de la cuisse droite. Et selon un communiqu\u00e9 officiel du club catalan, l&rsquo;op\u00e9ration a \u00e9t\u00e9 un succ\u00e8s, mais l&rsquo;international fran\u00e7ais [&hellip;]<\/p>\n","protected":false},"author":1738,"featured_media":75810,"comment_status":"closed","ping_status":"closed","sticky":false,"template":"","format":"standard","meta":{"fifu_image_url":"","fifu_image_alt":"","footnotes":""},"categories":[53,75],"tags":[],"class_list":["post-75809","post","type-post","status-publish","format-standard","has-post-thumbnail","hentry","category-algerie","category-sport"],"_links":{"self":[{"href":"https:\/\/linitiative.ca\/International\/wp-json\/wp\/v2\/posts\/75809","targetHints":{"allow":["GET"]}}],"collection":[{"href":"https:\/\/linitiative.ca\/International\/wp-json\/wp\/v2\/posts"}],"about":[{"href":"https:\/\/linitiative.ca\/International\/wp-json\/wp\/v2\/types\/post"}],"author":[{"embeddable":true,"href":"https:\/\/linitiative.ca\/International\/wp-json\/wp\/v2\/users\/1738"}],"replies":[{"embeddable":true,"href":"https:\/\/linitiative.ca\/International\/wp-json\/wp\/v2\/comments?post=75809"}],"version-history":[{"count":0,"href":"https:\/\/linitiative.ca\/International\/wp-json\/wp\/v2\/posts\/75809\/revisions"}],"wp:featuredmedia":[{"embeddable":true,"href":"https:\/\/linitiative.ca\/International\/wp-json\/"}],"wp:attachment":[{"href":"https:\/\/linitiative.ca\/International\/wp-json\/wp\/v2\/media?parent=75809"}],"wp:term":[{"taxonomy":"category","embeddable":true,"href":"https:\/\/linitiative.ca\/International\/wp-json\/wp\/v2\/categories?post=75809"},{"taxonomy":"post_tag","embeddable":true,"href":"https:\/\/linitiative.ca\/International\/wp-json\/wp\/v2\/tags?post=75809"}],"curies":[{"name":"wp","href":"https:\/\/api.w.org\/{rel}","templated":true}]}}