{"id":75813,"date":"2020-02-10T18:00:00","date_gmt":"2020-02-10T23:00:00","guid":{"rendered":"https:\/\/linitiative.ca\/International\/smail-chergui-lua-veut-un-cessez-le-feu-et-la-fin-des-interferences-en-libye\/"},"modified":"2020-02-10T18:00:00","modified_gmt":"2020-02-10T23:00:00","slug":"smail-chergui-lua-veut-un-cessez-le-feu-et-la-fin-des-interferences-en-libye","status":"publish","type":"post","link":"https:\/\/linitiative.ca\/International\/smail-chergui-lua-veut-un-cessez-le-feu-et-la-fin-des-interferences-en-libye\/","title":{"rendered":"Sma\u00efl Chergui : \u00abL\u2019UA veut un cessez-le-feu et la fin des interf\u00e9rences en Libye\u00bb"},"content":{"rendered":"<p>S\u2019exprimant lors d\u2019une conf\u00e9rence de presse en marge du 33e Sommet de l\u2019UA, le commissaire Chergui a indiqu\u00e9 qu\u2019au long des discussions des dirigeants africains au CPS et au sommet s\u2019est d\u00e9gag\u00e9e une volont\u00e9 forte pour \u0153uvrer \u00e0 la cessation des hostilit\u00e9s en Libye. \u00abNous voulons le respect du cessez-le-feu, le respect de l\u2019embargo sur les armes et nous voulons la fin des interf\u00e9rences dans les affaires de la Libye\u00bb, a-t-il d\u00e9clar\u00e9.<\/p>\n<p>L\u2019UA, qui veut se ressaisir du dossier libyen, souhaite coop\u00e9rer avec l\u2019ONU dans le cadre d\u2019une mission conjointe pour \u00e9valuer la situation sur le terrain et pr\u00e9parer le d\u00e9ploiement d\u2019une autre mission d\u2019observateurs pour surveiller le cessez-le-feu \u00e0 Tripoli et l\u00e0 o\u00f9 c\u2019est n\u00e9cessaire, a annonc\u00e9 le chef du CPS lors de cette conf\u00e9rence de presse. Evoquant le Sahel, le commissaire Chergui souligne que le sentiment qui pr\u00e9vaut aussi bien au CPS qu\u2019au sommet est qu\u2019 \u00abil ne faut pas laisser la force G5 Sahel seule\u00bb dans cette lutte.<\/p>\n<p>M. Chergui a annonc\u00e9 une contribution additionnelle de 10 millions de dollars au Fonds pour la paix de l\u2019UA, portant ainsi les montants mobilis\u00e9s \u00e0 154 millions de dollars dans le cadre de cet instrument qui sera rendu op\u00e9rationnel prochainement.<\/p>\n<p>Le commissaire a fait savoir \u00e9galement qu\u2019\u00e0 la demande du G5 Sahel, le CPS va proc\u00e9der \u00e0 la r\u00e9vision du Concept d\u2019op\u00e9rations strat\u00e9gique (CONOPS) de cette force conjointe pour lui permettre de focaliser sa lutte sur le Liptako Gourma, zone frontali\u00e8re entre le Mali, le Niger et le Burkina Faso, o\u00f9 agissent plusieurs groupes terroristes.\u00a0<\/p>\n<p>Auteur: elmoudjahid<br \/>\n<a href=\"http:\/\/www.elmoudjahid.com\/fr\/actualites\/148267\">Cliquez ici pour lire l&rsquo;article depuis sa source.<\/a><\/p>\n","protected":false},"excerpt":{"rendered":"<p>S\u2019exprimant lors d\u2019une conf\u00e9rence de presse en marge du 33e Sommet de l\u2019UA, le commissaire Chergui a indiqu\u00e9 qu\u2019au long des discussions des dirigeants africains au CPS et au sommet s\u2019est d\u00e9gag\u00e9e une volont\u00e9 forte pour \u0153uvrer \u00e0 la cessation des hostilit\u00e9s en Libye. \u00abNous voulons le respect du cessez-le-feu, le respect de l\u2019embargo sur [&hellip;]<\/p>\n","protected":false},"author":1744,"featured_media":0,"comment_status":"closed","ping_status":"closed","sticky":false,"template":"","format":"standard","meta":{"fifu_image_url":"","fifu_image_alt":"","footnotes":""},"categories":[73,53],"tags":[],"class_list":["post-75813","post","type-post","status-publish","format-standard","hentry","category-actualite","category-algerie"],"_links":{"self":[{"href":"https:\/\/linitiative.ca\/International\/wp-json\/wp\/v2\/posts\/75813","targetHints":{"allow":["GET"]}}],"collection":[{"href":"https:\/\/linitiative.ca\/International\/wp-json\/wp\/v2\/posts"}],"about":[{"href":"https:\/\/linitiative.ca\/International\/wp-json\/wp\/v2\/types\/post"}],"author":[{"embeddable":true,"href":"https:\/\/linitiative.ca\/International\/wp-json\/wp\/v2\/users\/1744"}],"replies":[{"embeddable":true,"href":"https:\/\/linitiative.ca\/International\/wp-json\/wp\/v2\/comments?post=75813"}],"version-history":[{"count":0,"href":"https:\/\/linitiative.ca\/International\/wp-json\/wp\/v2\/posts\/75813\/revisions"}],"wp:attachment":[{"href":"https:\/\/linitiative.ca\/International\/wp-json\/wp\/v2\/media?parent=75813"}],"wp:term":[{"taxonomy":"category","embeddable":true,"href":"https:\/\/linitiative.ca\/International\/wp-json\/wp\/v2\/categories?post=75813"},{"taxonomy":"post_tag","embeddable":true,"href":"https:\/\/linitiative.ca\/International\/wp-json\/wp\/v2\/tags?post=75813"}],"curies":[{"name":"wp","href":"https:\/\/api.w.org\/{rel}","templated":true}]}}