{"id":75815,"date":"2020-02-10T18:00:00","date_gmt":"2020-02-10T23:00:00","guid":{"rendered":"https:\/\/linitiative.ca\/International\/assemblee-des-actionnaires-de-la-jsk-ultimatum-a-mellal\/"},"modified":"2020-02-10T18:00:00","modified_gmt":"2020-02-10T23:00:00","slug":"assemblee-des-actionnaires-de-la-jsk-ultimatum-a-mellal","status":"publish","type":"post","link":"https:\/\/linitiative.ca\/International\/assemblee-des-actionnaires-de-la-jsk-ultimatum-a-mellal\/","title":{"rendered":"Assembl\u00e9e des actionnaires de la jsk :  Ultimatum \u00e0 Mellal"},"content":{"rendered":"<p>Finalement, seuls 9 actionnaires ont r\u00e9pondu \u00e0 l\u2019appel, dont 4 ont pr\u00e9f\u00e9r\u00e9 mandater d\u2019autres membres par procuration. L\u2019ancien pr\u00e9sident de la Jsk, Moh-Cherif Hannachi, a confirm\u00e9 sa pr\u00e9sence en signant le PV de la r\u00e9union avant de s\u2019en aller sans avoir assist\u00e9 aux travaux. Faute d\u2019avoir atteint le quorum visiblement, les \u00abconclavistes\u00bb ont finalement omis de sortir avec une d\u00e9cision radicale. A la place, ils ont envoy\u00e9 une convocation \u00e0 Cherif Mellal via un huissier de justice l\u2019exhortant de programmer une assembl\u00e9e g\u00e9n\u00e9rale extraordinaire dans quarante-huit heures, faute de quoi, l\u2019AGE en question sera organis\u00e9e sans lui, le 24 ou 27 f\u00e9vrier prochain, pour voter sa destitution.\u00a0<\/p>\n<p>Sur le papier donc, Cherif Mellal devra convoquer les actionnaires dans les plus brefs d\u00e9lais pour \u00e9viter la sentence. N\u00e9anmoins, le pr\u00e9sident de la JSK ne semble pas dispos\u00e9 \u00e0 \u00abcollaborer\u00bb avec ses opposants, d\u00e9clarant \u00ab\u00eatre serein\u00bb. \u00abJe suis en place et personne ne pourra me destituer\u00bb, n\u2019a-t-il eu de cesse de r\u00e9p\u00e9ter ces derniers jours. La posture de Cherif Mellal laisse envisager que l\u2019assembl\u00e9e g\u00e9n\u00e9rale extraordinaire revendiqu\u00e9e par certains actionnaires aura lieu sans le pr\u00e9sident actuel, sauf s\u2019il parvient \u00e0 obtenir son annulation d\u2019ici l\u00e0. \u00abUne autre assembl\u00e9e g\u00e9n\u00e9rale aura lieu dans quinze jours, et c\u2019est \u00e0 elle seule de d\u00e9cider si Mellal doit rester ou partir\u00bb, a d\u00e9clar\u00e9 Malik Azlef \u00e0 l\u2019issue de la r\u00e9union de samedi.\u00a0<\/p>\n<p><strong>Amar B.<\/strong><\/p>\n<p>Auteur: elmoudjahid<br \/>\n<a href=\"http:\/\/www.elmoudjahid.com\/fr\/actualites\/148269\">Cliquez ici pour lire l&rsquo;article depuis sa source.<\/a><\/p>\n","protected":false},"excerpt":{"rendered":"<p>Finalement, seuls 9 actionnaires ont r\u00e9pondu \u00e0 l\u2019appel, dont 4 ont pr\u00e9f\u00e9r\u00e9 mandater d\u2019autres membres par procuration. L\u2019ancien pr\u00e9sident de la Jsk, Moh-Cherif Hannachi, a confirm\u00e9 sa pr\u00e9sence en signant le PV de la r\u00e9union avant de s\u2019en aller sans avoir assist\u00e9 aux travaux. Faute d\u2019avoir atteint le quorum visiblement, les \u00abconclavistes\u00bb ont finalement omis [&hellip;]<\/p>\n","protected":false},"author":1744,"featured_media":0,"comment_status":"closed","ping_status":"closed","sticky":false,"template":"","format":"standard","meta":{"fifu_image_url":"","fifu_image_alt":"","footnotes":""},"categories":[73,53],"tags":[],"class_list":["post-75815","post","type-post","status-publish","format-standard","hentry","category-actualite","category-algerie"],"_links":{"self":[{"href":"https:\/\/linitiative.ca\/International\/wp-json\/wp\/v2\/posts\/75815","targetHints":{"allow":["GET"]}}],"collection":[{"href":"https:\/\/linitiative.ca\/International\/wp-json\/wp\/v2\/posts"}],"about":[{"href":"https:\/\/linitiative.ca\/International\/wp-json\/wp\/v2\/types\/post"}],"author":[{"embeddable":true,"href":"https:\/\/linitiative.ca\/International\/wp-json\/wp\/v2\/users\/1744"}],"replies":[{"embeddable":true,"href":"https:\/\/linitiative.ca\/International\/wp-json\/wp\/v2\/comments?post=75815"}],"version-history":[{"count":0,"href":"https:\/\/linitiative.ca\/International\/wp-json\/wp\/v2\/posts\/75815\/revisions"}],"wp:attachment":[{"href":"https:\/\/linitiative.ca\/International\/wp-json\/wp\/v2\/media?parent=75815"}],"wp:term":[{"taxonomy":"category","embeddable":true,"href":"https:\/\/linitiative.ca\/International\/wp-json\/wp\/v2\/categories?post=75815"},{"taxonomy":"post_tag","embeddable":true,"href":"https:\/\/linitiative.ca\/International\/wp-json\/wp\/v2\/tags?post=75815"}],"curies":[{"name":"wp","href":"https:\/\/api.w.org\/{rel}","templated":true}]}}