{"id":75821,"date":"2020-02-11T11:47:06","date_gmt":"2020-02-11T16:47:06","guid":{"rendered":"https:\/\/linitiative.ca\/International\/101490-almas-si-le-stade-du-5-juillet-est-de-nouveau-operationnel-nous-y-retournons\/"},"modified":"2020-02-11T11:47:06","modified_gmt":"2020-02-11T16:47:06","slug":"101490-almas-si-le-stade-du-5-juillet-est-de-nouveau-operationnel-nous-y-retournons","status":"publish","type":"post","link":"https:\/\/linitiative.ca\/International\/101490-almas-si-le-stade-du-5-juillet-est-de-nouveau-operationnel-nous-y-retournons\/","title":{"rendered":"Almas:\u00a0\u00bbSi le stade du 5-Juillet est de  nouveau op\u00e9rationnel, nous y retournons\u00a0\u00bb"},"content":{"rendered":"<div readability=\"36\">\n<p><strong>ALGER- Le pr\u00e9sident du conseil d&rsquo;administration du MC Alger, Abdennacer Almas a indiqu\u00e9 mardi que \u00ab\u00a0si le stade du 5-Juillet est de nouveau op\u00e9rationnel\u00a0\u00bb, son \u00e9quipe y reprendra incessamment ses quartiers.<\/strong><\/p>\n<\/div>\n<div readability=\"79\">\n<p>\u00ab\u00a0Notre stade, c&rsquo;est le 5-Juillet, et si nous jouons actuellement \u00e0 Bologhine, c&rsquo;est uniquement parce qu&rsquo;il est en travaux. Cela dit, si le chantier est termin\u00e9, nous y retournons d\u00e8s que possible, et c&rsquo;est pour ainsi dire une d\u00e9cision automatique\u00a0\u00bb a indiqu\u00e9 le dirigeant mouloud\u00e9en en conf\u00e9rence de presse, en marge de la pr\u00e9sentation du nouvel entra\u00eeneur de l&rsquo;\u00e9quipe fanion, Nabil Neghiz.<\/p>\n<p>En effet, la Ligue de football professionnel (LFP) a annonc\u00e9 ce mardi que le derby CR Belouizdad &#8211; NA Hussein Dey a \u00e9t\u00e9 programm\u00e9 lundi prochain, dans le grand stade olympique d&rsquo;Alger, pour le compte de la 18e journ\u00e9e de Ligue 1. Preuve que ce stade est de nouveau op\u00e9rationnel.<\/p>\n<p>Le premier responsable du MCA semble placer par ailleurs une tr\u00e8s grande confiance en son nouvel entra\u00eeneur, puisqu&rsquo;il s&rsquo;est engag\u00e9 avec lui pour une dur\u00e9e de 18 mois, avec comme principal objectif de concurrencer le CR Belouizdad pour le titre.<\/p>\n<blockquote readability=\"11\">\n<p><strong><em>\u00ab\u00a0Nous esp\u00e9rons tout au moins terminer sur le podium, pour d\u00e9crocher une participation \u00e0 une joute internationale l&rsquo;an prochain. Ce qui est faisable \u00e0 mon avis, car outre le fait d&rsquo;\u00eatre d\u00e9j\u00e0 sur la troisi\u00e8me marche du podium, onze de nos matchs restants se joueront \u00e0 Alger. Ce qui constitue une aubaine pour r\u00e9colter les points n\u00e9cessaires pour atteindre notre objectif\u00a0\u00bb a encore expliqu\u00e9 le boss mouloud\u00e9en.<\/em><\/strong><\/p>\n<\/blockquote>\n<p>Interrog\u00e9 sur le cas de l&rsquo;ancien entra\u00eeneur Bernard Casoni, Almas a assur\u00e9 que si les choses tardent \u00e0 se r\u00e9gler ce n&rsquo;est pas pour une question de liquidit\u00e9, mais plut\u00f4t pour des consid\u00e9rations administratives.<\/p>\n<p>\u00ab\u00a0L&rsquo;argent n\u00e9cessaire \u00e0 la r\u00e9gularisation de la situation financi\u00e8re de Casoni est disponible et tout ce que nous attendons, c&rsquo;est de r\u00e9gler certaines proc\u00e9dures administratives avec la banque pour pouvoir y proc\u00e9der\u00a0\u00bb a-t-il ajout\u00e9.<\/p>\n<p>Le pr\u00e9sident Mouloud\u00e9en a assur\u00e9 que \u00ab\u00a0r\u00e9soudre ce probl\u00e8me constitue une priorit\u00e9 pour le MCA\u00a0\u00bb, car aussi longtemps qu&rsquo;il sera d&rsquo;actualit\u00e9, le nouvel entra\u00eeneur, Nabil Neghiz ne pourra pas obtenir sa licence, pour pouvoir diriger l&rsquo;\u00e9quipe \u00e0 partir du banc.<\/p>\n<\/div>\n<p>Auteur:<br \/>\n<a href=\"http:\/\/www.aps.dz\/sport\/101490-almas-si-le-stade-du-5-juillet-est-de-nouveau-operationnel-nous-y-retournons?utm_source=feedburner&#038;utm_medium=feed&#038;utm_campaign=Feed%3A+aps-sport+%28APS+-+SPORT%29\">Cliquez ici pour lire l&rsquo;article depuis sa source.<\/a><\/p>\n","protected":false},"excerpt":{"rendered":"<p>ALGER- Le pr\u00e9sident du conseil d&rsquo;administration du MC Alger, Abdennacer Almas a indiqu\u00e9 mardi que \u00ab\u00a0si le stade du 5-Juillet est de nouveau op\u00e9rationnel\u00a0\u00bb, son \u00e9quipe y reprendra incessamment ses quartiers. \u00ab\u00a0Notre stade, c&rsquo;est le 5-Juillet, et si nous jouons actuellement \u00e0 Bologhine, c&rsquo;est uniquement parce qu&rsquo;il est en travaux. Cela dit, si le chantier [&hellip;]<\/p>\n","protected":false},"author":1790,"featured_media":0,"comment_status":"closed","ping_status":"closed","sticky":false,"template":"","format":"standard","meta":{"fifu_image_url":"","fifu_image_alt":"","footnotes":""},"categories":[53,75],"tags":[],"class_list":["post-75821","post","type-post","status-publish","format-standard","hentry","category-algerie","category-sport"],"_links":{"self":[{"href":"https:\/\/linitiative.ca\/International\/wp-json\/wp\/v2\/posts\/75821","targetHints":{"allow":["GET"]}}],"collection":[{"href":"https:\/\/linitiative.ca\/International\/wp-json\/wp\/v2\/posts"}],"about":[{"href":"https:\/\/linitiative.ca\/International\/wp-json\/wp\/v2\/types\/post"}],"author":[{"embeddable":true,"href":"https:\/\/linitiative.ca\/International\/wp-json\/wp\/v2\/users\/1790"}],"replies":[{"embeddable":true,"href":"https:\/\/linitiative.ca\/International\/wp-json\/wp\/v2\/comments?post=75821"}],"version-history":[{"count":0,"href":"https:\/\/linitiative.ca\/International\/wp-json\/wp\/v2\/posts\/75821\/revisions"}],"wp:attachment":[{"href":"https:\/\/linitiative.ca\/International\/wp-json\/wp\/v2\/media?parent=75821"}],"wp:term":[{"taxonomy":"category","embeddable":true,"href":"https:\/\/linitiative.ca\/International\/wp-json\/wp\/v2\/categories?post=75821"},{"taxonomy":"post_tag","embeddable":true,"href":"https:\/\/linitiative.ca\/International\/wp-json\/wp\/v2\/tags?post=75821"}],"curies":[{"name":"wp","href":"https:\/\/api.w.org\/{rel}","templated":true}]}}