{"id":75824,"date":"2020-02-11T11:19:00","date_gmt":"2020-02-11T16:19:00","guid":{"rendered":"https:\/\/linitiative.ca\/International\/etudiants-de-wuhan-benbouzid-et-chiali-rendent-visite-aux-rapatries\/"},"modified":"2020-02-11T11:19:00","modified_gmt":"2020-02-11T16:19:00","slug":"etudiants-de-wuhan-benbouzid-et-chiali-rendent-visite-aux-rapatries","status":"publish","type":"post","link":"https:\/\/linitiative.ca\/International\/etudiants-de-wuhan-benbouzid-et-chiali-rendent-visite-aux-rapatries\/","title":{"rendered":"ETUDIANTS DE WUHAN : Benbouzid et Chiali rendent visite aux rapatri\u00e9s"},"content":{"rendered":"<p><br id=\"sep_para_1\" class=\"sep_para access\"\/><\/p>\n<div id=\"para_1\" class=\"para_35493797 resize\">\n<div class=\"texte access firstletter\">Le ministre de la Sant\u00e9, de la population et de la r\u00e9forme hospitali\u00e8re, Abderrahmane Benbouzid et le ministre des travaux publics et des transports, Farouk Chiali se sont rendus lundi \u00e0 l\u2019h\u00f4tel Ra\u00efs (Ain Taya) o\u00f9 sont h\u00e9berg\u00e9s les \u00e9tudiants alg\u00e9riens, mauritaniens et libyens rapatri\u00e9s la semaine derni\u00e8re de Wuhan, rapporte l\u2019APS. Le ministre de la Sant\u00e9 a affirm\u00e9 avoir promis de rendre visite r\u00e9guli\u00e8rement aux \u00e9tudiants rapatri\u00e9s pour s\u2019enqu\u00e9rir de leur \u00e9tat de sant\u00e9. Il a aussi salu\u00e9 les efforts du staff m\u00e9dical mobilis\u00e9 et qui est \u00e0 leur chevet jusqu\u2019\u00e0 ce qu\u2019ils quittent l\u2019h\u00f4tel la semaine prochaine. Dans le m\u00eame contexte, M. Benbouzid s\u2019est dit rassur\u00e9 de l\u2019\u00e9tat de sant\u00e9 des patients, ajoutant qu\u2019aucun sympt\u00f4me du virus Corona n\u2019a \u00e9t\u00e9 enregistr\u00e9 depuis leur rapatriement. Pour sa part, le ministre des Travaux publics et des Transports a rassur\u00e9 les citoyens quant aux mesures prises par les pouvoirs publics pour \u00ab assurer le contr\u00f4le au niveau de tous les points frontaliers du pays \u00bb. Les \u00e9tudiants rapatri\u00e9s ont, de leur c\u00f4t\u00e9, fait part de leur satisfaction quant aux efforts fournis par les pouvoirs publics \u00e0 savoir : l\u2019h\u00e9bergement, le transport et la prise en charge m\u00e9dicale. Ils esp\u00e8rent aussi quitter l\u2019h\u00f4tel dans les plus brefs d\u00e9lais pour rejoindre leurs familles. Le Dr Mehdi Ouanouri, psychologue \u00e0 l\u2019Etablissement hospitalier sp\u00e9cialis\u00e9 des maladies infectieuses El-Hadi Flici (ex-El-Kettar), a fait savoir que l\u2019\u00e9tat psychologique des \u00e9tudiants rapatri\u00e9s de la ville chinoise de Wuhan \u00e9tait fragile mais d\u00e8s leur mont\u00e9e \u00e0 bord de l\u2019avion d\u2019Air Alg\u00e9rie et apr\u00e8s avoir rencontr\u00e9 le staff m\u00e9dical ils ont renou\u00e9 avec la s\u00e9r\u00e9nit\u00e9.<\/div>\n<\/div>\n<p>Auteur: Ismain<br \/>\n<a href=\"https:\/\/www.reflexiondz.net\/ETUDIANTS-DE-WUHAN-Benbouzid-et-Chiali-rendent-visite-aux-rapatries_a60583.html\">Cliquez ici pour lire l&rsquo;article depuis sa source.<\/a><\/p>\n","protected":false},"excerpt":{"rendered":"<p>Le ministre de la Sant\u00e9, de la population et de la r\u00e9forme hospitali\u00e8re, Abderrahmane Benbouzid et le ministre des travaux publics et des transports, Farouk Chiali se sont rendus lundi \u00e0 l\u2019h\u00f4tel Ra\u00efs (Ain Taya) o\u00f9 sont h\u00e9berg\u00e9s les \u00e9tudiants alg\u00e9riens, mauritaniens et libyens rapatri\u00e9s la semaine derni\u00e8re de Wuhan, rapporte l\u2019APS. Le ministre de [&hellip;]<\/p>\n","protected":false},"author":1740,"featured_media":0,"comment_status":"closed","ping_status":"closed","sticky":false,"template":"","format":"standard","meta":{"fifu_image_url":"","fifu_image_alt":"","footnotes":""},"categories":[53,76],"tags":[],"class_list":["post-75824","post","type-post","status-publish","format-standard","hentry","category-algerie","category-regions"],"_links":{"self":[{"href":"https:\/\/linitiative.ca\/International\/wp-json\/wp\/v2\/posts\/75824","targetHints":{"allow":["GET"]}}],"collection":[{"href":"https:\/\/linitiative.ca\/International\/wp-json\/wp\/v2\/posts"}],"about":[{"href":"https:\/\/linitiative.ca\/International\/wp-json\/wp\/v2\/types\/post"}],"author":[{"embeddable":true,"href":"https:\/\/linitiative.ca\/International\/wp-json\/wp\/v2\/users\/1740"}],"replies":[{"embeddable":true,"href":"https:\/\/linitiative.ca\/International\/wp-json\/wp\/v2\/comments?post=75824"}],"version-history":[{"count":0,"href":"https:\/\/linitiative.ca\/International\/wp-json\/wp\/v2\/posts\/75824\/revisions"}],"wp:attachment":[{"href":"https:\/\/linitiative.ca\/International\/wp-json\/wp\/v2\/media?parent=75824"}],"wp:term":[{"taxonomy":"category","embeddable":true,"href":"https:\/\/linitiative.ca\/International\/wp-json\/wp\/v2\/categories?post=75824"},{"taxonomy":"post_tag","embeddable":true,"href":"https:\/\/linitiative.ca\/International\/wp-json\/wp\/v2\/tags?post=75824"}],"curies":[{"name":"wp","href":"https:\/\/api.w.org\/{rel}","templated":true}]}}