{"id":75825,"date":"2020-02-11T11:19:00","date_gmt":"2020-02-11T16:19:00","guid":{"rendered":"https:\/\/linitiative.ca\/International\/absence-de-commodites-et-sanitaires-a-graida-tafraoui-les-habitants-interpellent-le-wali-doran\/"},"modified":"2020-02-11T11:19:00","modified_gmt":"2020-02-11T16:19:00","slug":"absence-de-commodites-et-sanitaires-a-graida-tafraoui-les-habitants-interpellent-le-wali-doran","status":"publish","type":"post","link":"https:\/\/linitiative.ca\/International\/absence-de-commodites-et-sanitaires-a-graida-tafraoui-les-habitants-interpellent-le-wali-doran\/","title":{"rendered":"ABSENCE DE COMMODITES ET SANITAIRES  A GRA\u00cfDA (TAFRAOUI) : Les habitants interpellent le wali d&rsquo;Oran"},"content":{"rendered":"<p><br id=\"sep_para_1\" class=\"sep_para access\"\/><\/p>\n<div id=\"para_1\" class=\"para_35493741 resize\">\n<div class=\"texte access firstletter\">La population du village Graidia , dans la commune de Tafraoui , est priv\u00e9e de\u00a0 toutes les commodit\u00e9s n\u00e9cessaires \u00e0 savoir : l&rsquo;absence du raccordement au gaz de ville, des aires de jeux et de loisirs , des groupes scolaires, le manque du transport scolaire et surtout la couverture\u00a0 sanitaire qui laisse \u00e2 d\u00e9sirer . Une carence d\u2019autant plus pr\u00e9judiciable, a-t-on signal\u00e9, que m\u00eame les localit\u00e9s des alentours sont en bute au m\u00eame d\u00e9sert sanitaire. \u00abNous endurons depuis des d\u00e9cennies les pires souffrances. L\u2019accessibilit\u00e9 aux soins de base, dont on a tant lou\u00e9 les bienfaits et les vertus, reste une vie de l\u2019esprit \u00bb, a indiqu\u00e9 un citoyen du village Graidia . \u00abNous n\u2019avons pas l\u2019ombre d\u2019une salle de soins ou d\u2019une pharmacie et encore moins d\u2019un m\u00e9decin ou d\u2019un quelconque agent param\u00e9dical pour soulager nos maux. Le moindre petit bobo nous impose des d\u00e9placements sur de longues distances, en empruntant des chemins escarp\u00e9s, d\u00e9grad\u00e9s et p\u00e9rilleux\u00bb, a rench\u00e9ri un retrait\u00e9. Pour acc\u00e9der aux soins infirmiers, par exemple, les villageois sont oblig\u00e9s de se rendre \u00e0 l\u2019unit\u00e9 de soins du village Tafraoui ou\u00a0 celle de la commune d&rsquo;Es-Senia . \u00abNous sommes stress\u00e9s et paniqu\u00e9s \u00e0 l\u2019id\u00e9e d\u2019avoir une rage de dent ou un quelconque souci de sant\u00e9. Pour les maladies s\u00e9rieuses, c\u2019est encore plus compliqu\u00e9, dans la mesure o\u00f9 il faut rallier l\u2019h\u00f4pital de\u00a0 l&rsquo;EHU d&rsquo;Oran, \u00e9tant donn\u00e9 que la polyclinique de Tafraoui\u00a0 souffre de nombreuses carences\u00bb, a t\u00e9moign\u00e9 un habitant du village. D\u2019aucuns parmi les habitants ont avou\u00e9 qu\u2019ils caressent le v\u0153u de voir leur village b\u00e9n\u00e9ficier de l\u2019inscription d\u2019une unit\u00e9 de soins pour mettre un terme \u00e0 leur calvaire. \u00abNous avons constamment revendiqu\u00e9 la construction d\u2019une telle structure, en vain. C\u2019est le minimum pour une vie d\u00e9cente et pour ne pas \u00eatre tent\u00e9 par l\u2019exode\u00bb, a ajout\u00e9 notre m\u00eame interlocuteur. Et devant ces absences de commodit\u00e9s, les habitants du village Graidia interpellent le wali d&rsquo;Oran pour leur venir en aide afin d\u2019am\u00e9liorer leurs conditions\u00a0 pour une\u00a0 vie meilleure.\u00a0\u00a0\u00a0\u00a0<\/div>\n<\/div>\n<p>Auteur: Medjadji H.<br \/>\n<a href=\"https:\/\/www.reflexiondz.net\/ABSENCE-DE-COMMODITES-ET-SANITAIRES-A-GRAIDA-TAFRAOUI-Les-habitants-interpellent-le-wali-d-Oran_a60577.html\">Cliquez ici pour lire l&rsquo;article depuis sa source.<\/a><\/p>\n","protected":false},"excerpt":{"rendered":"<p>La population du village Graidia , dans la commune de Tafraoui , est priv\u00e9e de\u00a0 toutes les commodit\u00e9s n\u00e9cessaires \u00e0 savoir : l&rsquo;absence du raccordement au gaz de ville, des aires de jeux et de loisirs , des groupes scolaires, le manque du transport scolaire et surtout la couverture\u00a0 sanitaire qui laisse \u00e2 d\u00e9sirer . [&hellip;]<\/p>\n","protected":false},"author":1740,"featured_media":0,"comment_status":"closed","ping_status":"closed","sticky":false,"template":"","format":"standard","meta":{"fifu_image_url":"","fifu_image_alt":"","footnotes":""},"categories":[53,76],"tags":[],"class_list":["post-75825","post","type-post","status-publish","format-standard","hentry","category-algerie","category-regions"],"_links":{"self":[{"href":"https:\/\/linitiative.ca\/International\/wp-json\/wp\/v2\/posts\/75825","targetHints":{"allow":["GET"]}}],"collection":[{"href":"https:\/\/linitiative.ca\/International\/wp-json\/wp\/v2\/posts"}],"about":[{"href":"https:\/\/linitiative.ca\/International\/wp-json\/wp\/v2\/types\/post"}],"author":[{"embeddable":true,"href":"https:\/\/linitiative.ca\/International\/wp-json\/wp\/v2\/users\/1740"}],"replies":[{"embeddable":true,"href":"https:\/\/linitiative.ca\/International\/wp-json\/wp\/v2\/comments?post=75825"}],"version-history":[{"count":0,"href":"https:\/\/linitiative.ca\/International\/wp-json\/wp\/v2\/posts\/75825\/revisions"}],"wp:attachment":[{"href":"https:\/\/linitiative.ca\/International\/wp-json\/wp\/v2\/media?parent=75825"}],"wp:term":[{"taxonomy":"category","embeddable":true,"href":"https:\/\/linitiative.ca\/International\/wp-json\/wp\/v2\/categories?post=75825"},{"taxonomy":"post_tag","embeddable":true,"href":"https:\/\/linitiative.ca\/International\/wp-json\/wp\/v2\/tags?post=75825"}],"curies":[{"name":"wp","href":"https:\/\/api.w.org\/{rel}","templated":true}]}}