{"id":75828,"date":"2020-02-10T16:21:31","date_gmt":"2020-02-10T21:21:31","guid":{"rendered":"https:\/\/linitiative.ca\/International\/hanoune-liberee-saidtoufik-et-tartag-maintenus-en-taule\/"},"modified":"2020-02-10T16:21:31","modified_gmt":"2020-02-10T21:21:31","slug":"hanoune-liberee-saidtoufik-et-tartag-maintenus-en-taule","status":"publish","type":"post","link":"https:\/\/linitiative.ca\/International\/hanoune-liberee-saidtoufik-et-tartag-maintenus-en-taule\/","title":{"rendered":"Hanoune lib\u00e9r\u00e9e, Said,Toufik et Tartag maintenus en taule"},"content":{"rendered":"<p>Le procureur g\u00e9n\u00e9ral pr\u00e8s la Cour d\u2019appel militaire de Blida, a condamn\u00e9 lundi soir la secr\u00e9taire g\u00e9n\u00e9rale du PT, Louisa Hanoune, \u00e0 trois ans de prison dont 9 mois ferme et le reste de la peine avec sursis, annonce l\u2019un de ses avocats Noureddine Benissaad, ce qui signifie qu\u2019elle sera lib\u00e9r\u00e9e sur le champs.\u00a0<\/p>\n<p>\u00ab\u00a0Louisa Hanoune a \u00e9t\u00e9 condamn\u00e9 \u00e0 3 ans de prison dont 9 mois ferme et le reste de la peine avec sursis pour non d\u00e9nonciation d\u2019un crime. Elle sort donc de prison ce soir\u00a0\u00bb, a pr\u00e9cis\u00e9 l\u2019avocat dans un communiqu\u00e9 diffus\u00e9 sur Facebeook.<\/p>\n<p>Le m\u00eame procureur a confirm\u00e9 les peines d\u00e9j\u00e0 prononc\u00e9es \u00e0 l\u2019encontre de Mohamed Mediene dit Toufik, Sa\u00efd Bouteflika et Athmane Tartag dit Bachir qui ont \u00e9t\u00e9 condamn\u00e9s \u00e0 15 ans de prison ferme en septembre dernier.<\/p>\n<p>Plut\u00f4t dans la journ\u00e9e, le m\u00eame procureur avait requis des peines de 20 ans de prison ferme dans le proc\u00e8s en appel \u00e0 l\u2019encontre des accus\u00e9s dans l\u2019affaire de complot contre l\u2019autorit\u00e9 de l\u2019Etat et de l\u2019Arm\u00e9e, impliquant les pr\u00e9venus cit\u00e9s, a d\u00e9clar\u00e9 aux journalistes l\u2019avocat de la d\u00e9fense, Farouk Ksentini.<\/p>\n<p>Pour rappel, le Tribunal militaire de Blida avait condamn\u00e9, le 25 septembre dernier, Sa\u00efd Bouteflika, Mohamed Medi\u00e8ne, Athmane Tartag et Louisa Hanoune, \u00e0 quinze (15) ans de r\u00e9clusion criminelle, pour \u00ab\u00a0des faits commis dans une enceinte militaire qualifi\u00e9s par la loi de crimes de complot ayant pour but de porter atteinte \u00e0 l\u2019autorit\u00e9 militaire et de complot contre l\u2019autorit\u00e9 de l\u2019Etat, faits pr\u00e9vus et r\u00e9prim\u00e9s respectivement par l\u2019article 284 du Code de la justice militaire et les articles 77 et 78 du Code p\u00e9nal\u00a0\u00bb.<br \/>Plusieurs personnalit\u00e9s politiques et des associations avaient\u00a0demand\u00e9 la lib\u00e9ration de Louisa Hanoune.<\/p>\n<p>Auteur: Boudjedri<br \/>\n<a href=\"http:\/\/www.jeune-independant.net\/Hanoune-liberee-Said-Toufik-et.html\">Cliquez ici pour lire l&rsquo;article depuis sa source.<\/a><\/p>\n","protected":false},"excerpt":{"rendered":"<p>Le procureur g\u00e9n\u00e9ral pr\u00e8s la Cour d\u2019appel militaire de Blida, a condamn\u00e9 lundi soir la secr\u00e9taire g\u00e9n\u00e9rale du PT, Louisa Hanoune, \u00e0 trois ans de prison dont 9 mois ferme et le reste de la peine avec sursis, annonce l\u2019un de ses avocats Noureddine Benissaad, ce qui signifie qu\u2019elle sera lib\u00e9r\u00e9e sur le champs.\u00a0 \u00ab\u00a0Louisa [&hellip;]<\/p>\n","protected":false},"author":1737,"featured_media":0,"comment_status":"closed","ping_status":"closed","sticky":false,"template":"","format":"standard","meta":{"fifu_image_url":"","fifu_image_alt":"","footnotes":""},"categories":[73,53],"tags":[],"class_list":["post-75828","post","type-post","status-publish","format-standard","hentry","category-actualite","category-algerie"],"_links":{"self":[{"href":"https:\/\/linitiative.ca\/International\/wp-json\/wp\/v2\/posts\/75828","targetHints":{"allow":["GET"]}}],"collection":[{"href":"https:\/\/linitiative.ca\/International\/wp-json\/wp\/v2\/posts"}],"about":[{"href":"https:\/\/linitiative.ca\/International\/wp-json\/wp\/v2\/types\/post"}],"author":[{"embeddable":true,"href":"https:\/\/linitiative.ca\/International\/wp-json\/wp\/v2\/users\/1737"}],"replies":[{"embeddable":true,"href":"https:\/\/linitiative.ca\/International\/wp-json\/wp\/v2\/comments?post=75828"}],"version-history":[{"count":0,"href":"https:\/\/linitiative.ca\/International\/wp-json\/wp\/v2\/posts\/75828\/revisions"}],"wp:attachment":[{"href":"https:\/\/linitiative.ca\/International\/wp-json\/wp\/v2\/media?parent=75828"}],"wp:term":[{"taxonomy":"category","embeddable":true,"href":"https:\/\/linitiative.ca\/International\/wp-json\/wp\/v2\/categories?post=75828"},{"taxonomy":"post_tag","embeddable":true,"href":"https:\/\/linitiative.ca\/International\/wp-json\/wp\/v2\/tags?post=75828"}],"curies":[{"name":"wp","href":"https:\/\/api.w.org\/{rel}","templated":true}]}}