{"id":75830,"date":"2020-02-10T21:32:25","date_gmt":"2020-02-11T02:32:25","guid":{"rendered":"https:\/\/linitiative.ca\/International\/plan-daction-du-gouvernement-djerad-devant-les-deputes\/"},"modified":"2020-02-10T21:32:25","modified_gmt":"2020-02-11T02:32:25","slug":"plan-daction-du-gouvernement-djerad-devant-les-deputes","status":"publish","type":"post","link":"https:\/\/linitiative.ca\/International\/plan-daction-du-gouvernement-djerad-devant-les-deputes\/","title":{"rendered":"Plan d&rsquo;action du gouvernement : Djerad devant les d\u00e9put\u00e9s"},"content":{"rendered":"<p><br class=\"autobr\"\/><br \/>\nLe Premier ministre Abdelaziz Djerad pr\u00e9sentera ce mardi son plan d\u2019action devant les d\u00e9put\u00e9s, soit cinq jours apr\u00e8s le quitus obtenu en Conseil des ministres.<br \/>C\u2019est la premi\u00e8re fois que Djerad entreprend cet exercice devant les parlementaires.\u00a0<br \/>Le projet de plan d\u2019action du gouvernement se fixe comme objectif l\u2019intensification des efforts pour am\u00e9liorer l\u2019acc\u00e8s du citoyen \u00e0 un logement d\u00e9cent et aux diff\u00e9rents services, notamment l\u2019eau, l\u2019\u00e9nergie et les transports.<br \/>C\u2019est pourquoi ce projet pr\u00e9voit l\u2019ach\u00e8vement des programmes publics en cours de r\u00e9alisation, notamment celui du raccordement de 398 000 foyers en gaz et de112 000 en \u00e9lectricit\u00e9, les \u00ab\u00a0programmes compl\u00e9mentaires\u00a0\u00bb qui pr\u00e9voient le raccordement de 10 000 foyers en gaz et de 7 000 en \u00e9lectricit\u00e9, et le raccordement en \u00e9lectricit\u00e9 et en gaz de la nouvelle ville de Draa Errich (4 000 foyers en gaz et 5 000 en \u00e9lectricit\u00e9).<br \/>En mati\u00e8re d\u2019eau potable, l\u2019objectif est \u00ab\u00a0d\u2019en finir avec les coupures d\u2019eau et de garantir un \u00e9gal acc\u00e8s des citoyens aux diff\u00e9rents services de l\u2019eau \u00e0 travers l\u2019ensemble du territoire national\u00a0\u00bb, ce qui sera une priorit\u00e9 du gouvernement pour les cinq ann\u00e9es \u00e0 venir. Le plan d\u2019action englobe la combinaison du dessalement pour la bande littorale, des interconnexions entre les barrages et les syst\u00e8mes de transferts, de l\u2019utilisation syst\u00e9matique des eaux et des boues \u00e9pur\u00e9es dans l\u2019industrie et l\u2019agriculture et de l\u2019exploitation des ressources souterraines dormantes du Sahara septentrional.<br \/>Dans le secteur de l\u2019habitat, le gouvernement veut acc\u00e9l\u00e9rer la r\u00e9alisation des projets de logements en cours en s\u2019appuyant sur la \u00ab\u00a0responsabilisation financi\u00e8re des entrepreneurs\u00a0\u00bb et s\u2019engage \u00e0 intensifier la r\u00e9alisation d\u2019autres en lan\u00e7ant un nouveau programme d\u2019un million d\u2019unit\u00e9s, tous segments confondus, avec les \u00e9quipements d\u2019accompagnement et les viabilit\u00e9s n\u00e9cessaires.\u00a0Le plan pr\u00e9voit aussi l\u2019\u00e9radication totale des bidonvilles, \u00e0 travers le recensement et la mise en \u0153uvre de nouveaux programmes destin\u00e9s au relogement des m\u00e9nages, en mettant en place un syst\u00e8me de veille contre les tentatives de prolif\u00e9ration et de r\u00e9cidive.<br \/>En ce qui concerne le transport, le gouvernement pr\u00e9voit de renforcer les r\u00e9seaux d\u2019infrastructures et de poursuivre la r\u00e9alisation de projets d\u2019augmentation de la capacit\u00e9 du r\u00e9seau par son d\u00e9doublement, des \u00e9vitements des grandes agglom\u00e9rations et des am\u00e9nagements urbains pour la d\u00e9congestion de la circulation.<br \/>\u00a0<\/p>\n<p>Auteur: Boudjedri<br \/>\n<a href=\"http:\/\/www.jeune-independant.net\/Plan-d-action-du-gouvernement.html\">Cliquez ici pour lire l&rsquo;article depuis sa source.<\/a><\/p>\n","protected":false},"excerpt":{"rendered":"<p>Le Premier ministre Abdelaziz Djerad pr\u00e9sentera ce mardi son plan d\u2019action devant les d\u00e9put\u00e9s, soit cinq jours apr\u00e8s le quitus obtenu en Conseil des ministres.C\u2019est la premi\u00e8re fois que Djerad entreprend cet exercice devant les parlementaires.\u00a0Le projet de plan d\u2019action du gouvernement se fixe comme objectif l\u2019intensification des efforts pour am\u00e9liorer l\u2019acc\u00e8s du citoyen \u00e0 [&hellip;]<\/p>\n","protected":false},"author":1737,"featured_media":0,"comment_status":"closed","ping_status":"closed","sticky":false,"template":"","format":"standard","meta":{"fifu_image_url":"","fifu_image_alt":"","footnotes":""},"categories":[73,53],"tags":[],"class_list":["post-75830","post","type-post","status-publish","format-standard","hentry","category-actualite","category-algerie"],"_links":{"self":[{"href":"https:\/\/linitiative.ca\/International\/wp-json\/wp\/v2\/posts\/75830","targetHints":{"allow":["GET"]}}],"collection":[{"href":"https:\/\/linitiative.ca\/International\/wp-json\/wp\/v2\/posts"}],"about":[{"href":"https:\/\/linitiative.ca\/International\/wp-json\/wp\/v2\/types\/post"}],"author":[{"embeddable":true,"href":"https:\/\/linitiative.ca\/International\/wp-json\/wp\/v2\/users\/1737"}],"replies":[{"embeddable":true,"href":"https:\/\/linitiative.ca\/International\/wp-json\/wp\/v2\/comments?post=75830"}],"version-history":[{"count":0,"href":"https:\/\/linitiative.ca\/International\/wp-json\/wp\/v2\/posts\/75830\/revisions"}],"wp:attachment":[{"href":"https:\/\/linitiative.ca\/International\/wp-json\/wp\/v2\/media?parent=75830"}],"wp:term":[{"taxonomy":"category","embeddable":true,"href":"https:\/\/linitiative.ca\/International\/wp-json\/wp\/v2\/categories?post=75830"},{"taxonomy":"post_tag","embeddable":true,"href":"https:\/\/linitiative.ca\/International\/wp-json\/wp\/v2\/tags?post=75830"}],"curies":[{"name":"wp","href":"https:\/\/api.w.org\/{rel}","templated":true}]}}