{"id":75831,"date":"2020-02-10T21:45:43","date_gmt":"2020-02-11T02:45:43","guid":{"rendered":"https:\/\/linitiative.ca\/International\/le-bastion-23-retrouve-son-lustre-dantan\/"},"modified":"2020-02-10T21:45:43","modified_gmt":"2020-02-11T02:45:43","slug":"le-bastion-23-retrouve-son-lustre-dantan","status":"publish","type":"post","link":"https:\/\/linitiative.ca\/International\/le-bastion-23-retrouve-son-lustre-dantan\/","title":{"rendered":"Le Bastion 23 retrouve son lustre d&rsquo;antan"},"content":{"rendered":"<p>La petite agglom\u00e9ration du palais des Ra\u00efs, situ\u00e9 \u00e0 la place des Martyrs, constitue le dernier morceau de la Casbah pr\u00e8s de la mer qui a \u00e9chapp\u00e9 \u00e0 l\u2019urbanisation coloniale effr\u00e9n\u00e9e.<br \/>Ce petit territoire a \u00e9t\u00e9 admirablement r\u00e9habilit\u00e9, t\u00e9moignant comment vivait dans le pass\u00e9 La Casbah et comment cette cit\u00e9 mill\u00e9naire devrait \u00eatre dans le pr\u00e9sent.<br \/>Pour \u00e9difier son urbanisme envahissant, l\u2019administration coloniale n\u2019a pas h\u00e9sit\u00e9 \u00e0 couper en deux cette ville alg\u00e9rienne qu\u2019\u00e9tait La Casbah.<br \/>A quelque chose malheur est bon. Notre administration a mis \u00e0 profit la r\u00e9habilitation de ce bout de territoire pour reconstituer La Casbah d\u2019antan.\u00a0Ce lieu a \u00e9t\u00e9 f\u00e9\u00e9rique en son temps. Faisant corps avec le paysage marin, doux et temp\u00e9r\u00e9 en hiver, frais, a\u00e9r\u00e9 et agr\u00e9able l\u2019\u00e9t\u00e9, il \u00e9tait la r\u00e9sidence de choix des dignitaires de l\u2019\u00e9poque, surnomm\u00e9 \u00e0 juste titre le Palais des Ra\u00efs. En effet, ce lieu assez vaste ne comprenait pas seulement des espaces d\u2018habitation, mais aussi\u00a0des aires appropri\u00e9es offrant les commodit\u00e9s n\u00e9cessaires \u00e0 la vie en ville. On peut dire que ce Bastion 23 reproduit\u00a0exactement La Casbah en\u00a0miniature avec ses ruelles en pav\u00e9s,\u00a0ses petites boutiques d\u2019artisans, ses vo\u00fbtes sombres, ses maisons adoss\u00e9es fortement l\u2019une \u00e0 l\u2019autre, ses petites fen\u00eatres en fer forg\u00e9, ses portes \u00e9troites en bois sculpt\u00e9 assorties\u00a0d\u2019un syst\u00e8me de marteau faisant office de sonnette pour annoncer sa visite.\u00a0L\u2019int\u00e9rieur des maisons est splendide, exactement identique \u00e0 l\u2019architecture originale, avec les chambres donnant sur une cour int\u00e9rieure bord\u00e9e de minuscules colonnes en marbre torsad\u00e9. Les murs de cette cour, avec une fontaine en son milieu, sont orn\u00e9s d\u2019une fa\u00efence d\u2019\u00e9poque, en harmonie avec l\u2019esprit d\u00e9coratif des artistes de ce temps-l\u00e0. Les terrasses de ce Bastion donnent sur la mer, comme toutes les maisons de La Casbah. Les responsables de la gestion de ce Palais des Ra\u00efs se sont toujours \u00e9vertu\u00e9s \u00e0 faire vivre ces lieux par une animation artistique et culturelle digne des traditions ancestrales. Ainsi durant le mois de Ramadhan sont organis\u00e9es des veill\u00e9es inoubliables avec des concerts de musique andalouse, cha\u00e2bi ainsi que des d\u00e9fil\u00e9s de mode faisant resplendir l\u2019art vestimentaire alg\u00e9rien. Durant l\u2019ann\u00e9e, l\u2019art culinaire national est \u00e0 l\u2019honneur ainsi que les expositions permanentes de nos artisans venant de diverses r\u00e9gions de notre territoire.\u00a0Des conf\u00e9rences sont donn\u00e9es p\u00e9riodiquement par des universitaires et des sp\u00e9cialistes sur la civilisation alg\u00e9rienne.<br \/>Ce Palais des Ra\u00efs est donc\u00a0une r\u00e9ussite aussi bien sur le plan de la r\u00e9surrection de La Casbah comme on voudrait qu\u2019elle soit au niveau architectural,\u00a0mais aussi sur\u00a0le plan de la r\u00e9animation de son esprit et de son \u00e2me. Toute La Casbah doit \u00eatre ainsi et pas seulement le Palais des Ra\u00efs. Malheureusement, la r\u00e9habilitation g\u00e9n\u00e9rale tra\u00eene en longueur, depuis des dizaines d\u2019ann\u00e9es. On note quelques avanc\u00e9es avec la finition ou presque de la partie haute de La Casbah o\u00f9 si\u00e9geait le pouvoir de l\u2019\u00e9poque. On note avec satisfaction la r\u00e9habilitation compl\u00e8te du Palais Mustapha-Pacha, devenu le mus\u00e9e de la miniature, de l\u2019enluminure et de la calligraphie, mais il reste encore un travail colossal \u00e0 accomplir pour que la Casbah enti\u00e8re devienne identique au Palais des Ra\u00efs.<\/p>\n<p>Auteur: Boudjedri<br \/>\n<a href=\"http:\/\/www.jeune-independant.net\/Le-Bastion-23-retrouve-son-lustre.html\">Cliquez ici pour lire l&rsquo;article depuis sa source.<\/a><\/p>\n","protected":false},"excerpt":{"rendered":"<p>La petite agglom\u00e9ration du palais des Ra\u00efs, situ\u00e9 \u00e0 la place des Martyrs, constitue le dernier morceau de la Casbah pr\u00e8s de la mer qui a \u00e9chapp\u00e9 \u00e0 l\u2019urbanisation coloniale effr\u00e9n\u00e9e.Ce petit territoire a \u00e9t\u00e9 admirablement r\u00e9habilit\u00e9, t\u00e9moignant comment vivait dans le pass\u00e9 La Casbah et comment cette cit\u00e9 mill\u00e9naire devrait \u00eatre dans le pr\u00e9sent.Pour [&hellip;]<\/p>\n","protected":false},"author":1737,"featured_media":0,"comment_status":"closed","ping_status":"closed","sticky":false,"template":"","format":"standard","meta":{"fifu_image_url":"","fifu_image_alt":"","footnotes":""},"categories":[73,53],"tags":[],"class_list":["post-75831","post","type-post","status-publish","format-standard","hentry","category-actualite","category-algerie"],"_links":{"self":[{"href":"https:\/\/linitiative.ca\/International\/wp-json\/wp\/v2\/posts\/75831","targetHints":{"allow":["GET"]}}],"collection":[{"href":"https:\/\/linitiative.ca\/International\/wp-json\/wp\/v2\/posts"}],"about":[{"href":"https:\/\/linitiative.ca\/International\/wp-json\/wp\/v2\/types\/post"}],"author":[{"embeddable":true,"href":"https:\/\/linitiative.ca\/International\/wp-json\/wp\/v2\/users\/1737"}],"replies":[{"embeddable":true,"href":"https:\/\/linitiative.ca\/International\/wp-json\/wp\/v2\/comments?post=75831"}],"version-history":[{"count":0,"href":"https:\/\/linitiative.ca\/International\/wp-json\/wp\/v2\/posts\/75831\/revisions"}],"wp:attachment":[{"href":"https:\/\/linitiative.ca\/International\/wp-json\/wp\/v2\/media?parent=75831"}],"wp:term":[{"taxonomy":"category","embeddable":true,"href":"https:\/\/linitiative.ca\/International\/wp-json\/wp\/v2\/categories?post=75831"},{"taxonomy":"post_tag","embeddable":true,"href":"https:\/\/linitiative.ca\/International\/wp-json\/wp\/v2\/tags?post=75831"}],"curies":[{"name":"wp","href":"https:\/\/api.w.org\/{rel}","templated":true}]}}