{"id":75832,"date":"2020-02-11T12:45:46","date_gmt":"2020-02-11T17:45:46","guid":{"rendered":"https:\/\/linitiative.ca\/International\/les-verites-de-djerad\/"},"modified":"2020-02-11T12:45:46","modified_gmt":"2020-02-11T17:45:46","slug":"les-verites-de-djerad","status":"publish","type":"post","link":"https:\/\/linitiative.ca\/International\/les-verites-de-djerad\/","title":{"rendered":"Les v\u00e9rit\u00e9s de Djerad"},"content":{"rendered":"<p><br class=\"autobr\"\/><br \/>\nLe Premier ministre Abdelaziz Djerad a reconnu hier que la \u00ab\u00a0situation financi\u00e8re du pays est tr\u00e8s fragile\u00a0\u00bb, et impute cette situation \u00e0 la \u00ab\u00a0gestion chaotique orchestr\u00e9e par l\u2019ancien r\u00e9gime\u00a0\u00bb du pr\u00e9sident d\u00e9chu Abdelaziz Bouteflika.<\/p>\n<p><br class=\"autobr\"\/><br \/>\nLe Premier ministre a fait savoir que la situation financi\u00e8re du pays demeurait tributaire des fluctuations du march\u00e9 mondial des hydrocarbures.<br \/>Il cite, entre autres, \u00ab\u00a0l\u2019aggravation du d\u00e9ficit budg\u00e9taire en 2019, la hausse du d\u00e9ficit de la balance commerciale \u00e0 10 milliards de dollars \u00e0 fin 2019, le recul des r\u00e9serves de change de plus de17 milliards de dollars.<br \/>Il a \u00e9voqu\u00e9, en outre, la hausse de la dette publique int\u00e9rieure qui a atteint 45% du produit int\u00e9rieur brut.\u00a0<br \/>Pour sa premi\u00e8re sortie devant les parlementaires, Djerad a assur\u00e9 que le gouvernement saura faire face \u00e0 cette situation difficile gr\u00e2ce \u00ab\u00a0aux profondes r\u00e9formes politiques et socio-\u00e9conomiques\u00a0\u00bb pr\u00e9vues dans le programme pr\u00e9sidentiel.<br \/>Pour atteindre cet objectif, le gouvernement s\u2019emploiera \u00e0 \u00ab\u00a0l\u2019\u00e9limination des d\u00e9rives ayant marqu\u00e9 la gestion des affaires publiques de l\u2019Etat et des incidences n\u00e9gatives des forces inconstitutionnelles sur la d\u00e9cision politique et \u00e9conomique du pays\u00a0\u00bb, a-t-il dit.<br \/>Djerad a fait part \u00ab\u00a0de plans sectoriels d\u2019urgence\u00a0\u00bb \u00e0 mettre en \u0153uvre en vue d\u2019am\u00e9liorer les conditions de vie des citoyens, notamment dans les r\u00e9gions \u00e9loign\u00e9es.<br \/>Il a promis, en outre, une rupture avec \u00ab\u00a0toutes les pratiques r\u00e9volues dans la gouvernance politique et socio-\u00e9conomique, ayant men\u00e9 \u00e0 une \u00ab\u00a0destruction m\u00e9thodique\u00a0\u00bb des entreprises \u00e9conomiques et \u00e0 la marginalisation de comp\u00e9tences.<br \/>Le renforcement de la s\u00e9curit\u00e9 des personnes et des biens est plac\u00e9 au centre de l\u2019action du gouvernement, qui s\u2019attachera \u00e0 renforcer la lutte contre la criminalit\u00e9 sous toutes ses formes et \u00e0 lutter inlassablement contre l\u2019ins\u00e9curit\u00e9 routi\u00e8re, les comportements immoraux dans les espaces publics et les diff\u00e9rents types d\u2019agressions verbales et physiques, selon Djerad.<br \/>Ces promesses seront r\u00e9alis\u00e9es gr\u00e2ce \u00e0 une dynamique globale et \u00ab\u00a0un nouveau pacte\u00a0\u00bb qui sera concr\u00e9tis\u00e9 par \u00ab\u00a0la triptyque d\u00e9veloppement humain, transition \u00e9nerg\u00e9tique, et \u00e9conomie du savoir et du num\u00e9rique\u00a0\u00bb a-t-il indiqu\u00e9.<br \/>Dans le chapitre de la fiscalit\u00e9, Djerad a fait savoir que le gouvernement compte \u00e9laborer un projet de loi de finances compl\u00e9mentaire (PLFC) 2020 destin\u00e9 \u00e0 annuler \u00ab\u00a0des dispositions fiscales injustes\u00a0\u00bb contenues dans la loi de finances (LF) 2020. Il a expliqu\u00e9 que \u00ab\u00a0des dispositions fiscales injustes envers les salari\u00e9s exer\u00e7ant au Sud et certaines professions lib\u00e9rales seront annul\u00e9es\u00a0\u00bb.\u00a0Le plan d\u2019action du Gouvernement visant la mise en \u0153uvre du programme du pr\u00e9sident de la R\u00e9publique a \u00e9t\u00e9 pr\u00e9sent\u00e9 lors d\u2019une s\u00e9ance pl\u00e9ni\u00e8re, pr\u00e9sid\u00e9e par M.\u00a0Slimane Chenine, pr\u00e9sident de l\u2019APN, en pr\u00e9sence des membres du Gouvernement. Rappelant que le gouvernement se fixe comme objectif l\u2019intensification des efforts pour am\u00e9liorer l\u2019acc\u00e8s du citoyen \u00e0 un logement d\u00e9cent et aux diff\u00e9rents services, notamment l\u2019eau, l\u2019\u00e9nergie et les transports. Le plan d\u2019action du Gouvernement, premier du genre depuis l\u2019\u00e9lection pr\u00e9sidentielle, vise \u00ab\u00a0la consolidation de l\u2019unit\u00e9 nationale \u00e0 travers la cons\u00e9cration, la promotion et la protection des composantes de l\u2019identit\u00e9 nationale, \u00e0 savoir l\u2019islam, l\u2019arabit\u00e9 et l\u2019amazighit\u00e9 ainsi que le renforcement du lien de notre peuple avec son histoire et sa culture ancestrale, outre l\u2019ouverture sur les cultures, les civilisations humaines et les langues vivantes\u00a0\u00bb, a-t-il dit.<br \/>La pr\u00e9sentation du plan d\u2019action du gouvernement a \u00e9t\u00e9 suivie par les interventions des d\u00e9put\u00e9s qui ont, pour la plupart, rel\u00e8v\u00e9 les d\u00e9faillances dans la gouvernance notamment les actions de certains minist\u00e8res.\u00a0<\/p>\n<p>Auteur: Boudjedri<br \/>\n<a href=\"http:\/\/www.jeune-independant.net\/Les-verites-de-Djerad.html\">Cliquez ici pour lire l&rsquo;article depuis sa source.<\/a><\/p>\n","protected":false},"excerpt":{"rendered":"<p>Le Premier ministre Abdelaziz Djerad a reconnu hier que la \u00ab\u00a0situation financi\u00e8re du pays est tr\u00e8s fragile\u00a0\u00bb, et impute cette situation \u00e0 la \u00ab\u00a0gestion chaotique orchestr\u00e9e par l\u2019ancien r\u00e9gime\u00a0\u00bb du pr\u00e9sident d\u00e9chu Abdelaziz Bouteflika. Le Premier ministre a fait savoir que la situation financi\u00e8re du pays demeurait tributaire des fluctuations du march\u00e9 mondial des hydrocarbures.Il [&hellip;]<\/p>\n","protected":false},"author":1737,"featured_media":0,"comment_status":"closed","ping_status":"closed","sticky":false,"template":"","format":"standard","meta":{"fifu_image_url":"","fifu_image_alt":"","footnotes":""},"categories":[73,53],"tags":[],"class_list":["post-75832","post","type-post","status-publish","format-standard","hentry","category-actualite","category-algerie"],"_links":{"self":[{"href":"https:\/\/linitiative.ca\/International\/wp-json\/wp\/v2\/posts\/75832","targetHints":{"allow":["GET"]}}],"collection":[{"href":"https:\/\/linitiative.ca\/International\/wp-json\/wp\/v2\/posts"}],"about":[{"href":"https:\/\/linitiative.ca\/International\/wp-json\/wp\/v2\/types\/post"}],"author":[{"embeddable":true,"href":"https:\/\/linitiative.ca\/International\/wp-json\/wp\/v2\/users\/1737"}],"replies":[{"embeddable":true,"href":"https:\/\/linitiative.ca\/International\/wp-json\/wp\/v2\/comments?post=75832"}],"version-history":[{"count":0,"href":"https:\/\/linitiative.ca\/International\/wp-json\/wp\/v2\/posts\/75832\/revisions"}],"wp:attachment":[{"href":"https:\/\/linitiative.ca\/International\/wp-json\/wp\/v2\/media?parent=75832"}],"wp:term":[{"taxonomy":"category","embeddable":true,"href":"https:\/\/linitiative.ca\/International\/wp-json\/wp\/v2\/categories?post=75832"},{"taxonomy":"post_tag","embeddable":true,"href":"https:\/\/linitiative.ca\/International\/wp-json\/wp\/v2\/tags?post=75832"}],"curies":[{"name":"wp","href":"https:\/\/api.w.org\/{rel}","templated":true}]}}