{"id":75833,"date":"2020-02-11T07:02:00","date_gmt":"2020-02-11T12:02:00","guid":{"rendered":"https:\/\/linitiative.ca\/International\/les-soldats-israeliens-qui-tirent-sur-les-enfants-palestiniens-nencourent-aucune-sanction-gideon-levy\/"},"modified":"2020-02-11T07:02:00","modified_gmt":"2020-02-11T12:02:00","slug":"les-soldats-israeliens-qui-tirent-sur-les-enfants-palestiniens-nencourent-aucune-sanction-gideon-levy","status":"publish","type":"post","link":"https:\/\/linitiative.ca\/International\/les-soldats-israeliens-qui-tirent-sur-les-enfants-palestiniens-nencourent-aucune-sanction-gideon-levy\/","title":{"rendered":"Les soldats isra\u00e9liens qui tirent  sur les enfants palestiniens n&rsquo;encourent aucune sanction (Gid\u00e9on Levy)"},"content":{"rendered":"<p><em><strong>De Paris, correspondance sp\u00e9ciale pour<\/strong><\/em> <span class=\"c2\"><strong>Leaders<\/strong><\/span> <strong><em>&#8211; Mohamed Larbi Bouguerra &#8211;<\/em><\/strong> Dimanche 9 f\u00e9vrier 2020, dans le cadre du \u00abMaghreb-Orient des Livres\u00bb, l\u2019auditorium de l\u2019H\u00f4tel de Ville de Paris, plein \u00e0 <img decoding=\"async\" src=\"\/uploads\/FCK_files\/Mohamed-Larbi-Bouguera288029(2).jpg\" alt=\"\" width=\"30%\" vspace=\"5\" hspace=\"5\" align=\"right\"\/>craquer, a \u00e9t\u00e9 le th\u00e9\u00e2tre d\u2019une rencontre anim\u00e9e intitul\u00e9e \u00abJuif, juda\u00efsme, antis\u00e9mitisme\u00bb. Sous la d\u00e9licate et comp\u00e9tente houlette de l\u2019historien Dominique Vidal<span class=\"c3\"><sup><strong>(1)<\/strong><\/sup><\/span>, Piotr Smolar, ancien correspondant du journal Le Monde en Isra\u00ebl<sup><span class=\"c3\"><strong>(2)<\/strong><\/span><\/sup> et Shlomo Sand<span class=\"c3\"><sup><strong>(3)<\/strong><\/sup><\/span>, ancien professeur d\u2019histoire contemporaine \u00e0 l\u2019Universit\u00e9 de Tel Aviv,\u00a0 ont discut\u00e9 de la question de la d\u00e9termination de la jud\u00e9it\u00e9 d\u2019une personne par analyse de son ADN comme vient de l\u2019autoriser la Cour Supr\u00eame isra\u00e9lienne. Y aurait-il donc une race juive ? En fait, on vise les 500 000 russophones dont la jud\u00e9it\u00e9 est mise en doute par le Grand Rabbinat d\u2019Isra\u00ebl qui d\u00e9cide en ma\u00eetre des mariages, des divorces, des enterrements\u2026. On a aussi discut\u00e9 des mariages mixtes \u00ab qui heurtent le peuple juif \u00bb \u00e0 en croire Amir Peretz du parti travailliste et bien des responsables isra\u00e9liens actuels mais mariages qui sont si fr\u00e9quents parmi la communaut\u00e9 juive aux Etats Unis (60%) qui s\u2019\u00e9loigne de plus en plus d\u2019Isra\u00ebl. Ce pays ne fait plus consensus aux Etats Unis et sera pr\u00e9sent dans les d\u00e9bats de la prochaine pr\u00e9sidentielle.\u00a0 Bernie Sanders n\u2019exprime-t-il pas des r\u00e9serves sur l\u2019aide militaire accord\u00e9e \u00e0 Isra\u00ebl? On a discut\u00e9 aussi de la soci\u00e9t\u00e9 isra\u00e9lienne \u00ab\u00e9clat\u00e9e en tribus\u00bb d\u2019apr\u00e8s le pr\u00e9sident Rivlin mais \u00absoud\u00e9e par l\u2019\u00e9cole et le service militaire\u00bb semble-t-il. On a not\u00e9 que le plan Trump vise \u00e0 expulser 300 000 Palestiniens d\u2019Isra\u00ebl alors que 10% de la population isra\u00e9lienne habite aujourd\u2019hui en Cisjordanie (colonies) mais 38% des habitants de J\u00e9rusalem, des Palestiniens, n\u2019ont aucun droit. On a discut\u00e9 de l\u2019absence de Constitution en Isra\u00ebl et de la non-d\u00e9finition de ses fronti\u00e8res. Mais l\u00e0 o\u00f9 les trois personnalit\u00e9s du panel semblent se rencontrer, c\u2019est sur la question de la \u00abd\u00e9shumanisation des Palestiniens\u00bb et \u00ableur ignorance\u00bb par la soci\u00e9t\u00e9 isra\u00e9lienne.<\/p>\n<p>Le texte qui suit de Gideon Levy illustre concr\u00e8tement cette \u00abd\u00e9shumanisation\u00bb de millions de Palestiniens par notamment l\u2019arm\u00e9e isra\u00e9lienne et rappelle ce mot odieux de Golda Meir: <em>\u00abNous pouvons pardonner aux Arabes de tuer nos enfants. Nous ne pouvons leur pardonner de nous forcer \u00e0 tuer les leurs. Nous n\u2019aurons la paix avec les Arabes que quand ils aimeront leurs enfants plus qu\u2019ils ne nous ha\u00efssent\u00bb<\/em>\u00a0 <strong>(Haaretz, 3 mai 2015)<\/strong>.<\/p>\n<div class=\"c5\" readability=\"82\">\n<h2>Continuez a tirer sur les enfants palestiniens<\/h2>\n<p><em>\u00abLes soldats isra\u00e9liens tirent sur les enfants. Tant\u00f4t ils les blessent et tant\u00f4t ils les tuent. Parfois, la mort c\u00e9r\u00e9brale est le lot des enfants, parfois ils finissent handicap\u00e9s. Il arrive parfois que les enfants jettent des pierres aux soldats et parfois des cocktails Molotov. Ils peuvent parfois se trouver au milieu d\u2019une confrontation. Ils ne mettent pratiquement jamais en danger la vie des soldats.<\/em><\/p>\n<p><em>Parfois les soldats tirent d\u00e9lib\u00e9r\u00e9ment sur les enfants et parfois ils le font par erreur. Parfois, ils visent la t\u00eate ou le haut du corps des enfants et parfois ils tirent en l\u2019air; ils ratent et c\u2019est la t\u00eate des enfants qui prend. C\u2019est ce qui arrive quand le corps est encore trop petit.<\/em><\/p>\n<p><em>Parfois les soldats tirent avec l\u2019intention de tuer et parfois pour ch\u00e2tier et punir. Tant\u00f4t ils utilisent des balles classiques tant\u00f4t des balles recouvertes de caoutchouc. Ils tirent parfois de loin, parfois lors d\u2019une embuscade et parfois \u00e0 bout portant. Parfois ils tirent parce qu\u2019ils ont peur ou parce qu\u2019ils sont en col\u00e8re ou parce qu\u2019ils sont exasp\u00e9r\u00e9s ou parce qu\u2019ils ont le sentiment qu\u2019il n\u2019y a pas d\u2019autre option ou par perte de contr\u00f4le. Parfois ils tirent de sang-froid. Les soldats n\u2019ont jamais l\u2019occasion de voir leurs victimes peu apr\u00e8s les avoir bless\u00e9s. S\u2019ils voyaient ce qu\u2019ils ont fait, ils pourraient cesser de tirer.<\/em><\/p>\n<p><em>Les soldats isra\u00e9liens ont l\u2019autorisation de tirer sur les enfants. Ce faisant, ils n\u2019encourent aucune sanction. Quand un enfant palestinien est bless\u00e9 par balle, il n\u2019y a pas de quoi en faire un plat. Point de diff\u00e9rence entre le sang d\u2019un petit Palestinien et le sang d\u2019un adulte palestinien. Ces deux sangs ne veulent pas grand-chose. Quand on fait du mal \u00e0 un enfant juif, tout Isra\u00ebl est secou\u00e9; quand un enfant palestinien est bless\u00e9, Isra\u00ebl b\u00e2ille. Il trouvera toujours, absolument toujours un moyen de d\u00e9douaner les soldats d\u2019avoir tir\u00e9 sur des enfants palestiniens. Mais Isra\u00ebl ne trouvera jamais, au grand jamais une justification au fait que les enfants caillassent des soldats qui effectuent un raid sur leur village.<\/em><\/p>\n<p><em>Depuis six mois, un enfant du nom de Abderrahmane Chataoui est en convalescence dans un centre de r\u00e9\u00e9ducation \u00e0 Beit Jala. Depuis dix jours, un de ses proches, Mohamed Chataoui est au CHU Hadassah Ein Karem \u00e0 J\u00e9rusalem. Ils sont tous deux originaires du village de Qaddoum en Cisjordanie. Les soldats isra\u00e9liens les ont atteints \u00e0 la t\u00eate. Ils ont tir\u00e9 de loin, des balles r\u00e9elles sur\u00a0 Abderrahmane alors qu\u2019il se tenait sur le seuil de la maison d\u2019un ami. Mohamed a \u00e9t\u00e9 atteint par une balle recouverte de caoutchouc tir\u00e9e du haut d\u2019une petite colline proche alors qu\u2019il essayait de se cacher des soldats au bas du monticule. L\u2019arm\u00e9e a affirm\u00e9 qu\u2019il mettait le feu \u00e0 un pneu.<\/em><\/p>\n<p><em>Abderrahmane, 10 ans, para\u00eet plut\u00f4t petit pour son \u00e2ge. Mohamed, par contre, fait plus que ses 14 ans. Ce sont les enfants de la dure r\u00e9alit\u00e9 que vivent les Palestiniens. Tous deux sont entre la vie et la mort. Leur vie et celles des leurs sont d\u00e9truites et fracass\u00e9es. Le weekend, le p\u00e8re d\u2019Abderrahmane sort son fils de Beit Jala une fois par semaine pour le conduire au village de Qaddoum. Le p\u00e8re de Mohamed ne s\u2019\u00e9loigne pas l\u2019entr\u00e9e de l\u2019unit\u00e9 de soins intensifs de Hadassah Ein Karem. Il y est seul, face \u00e0 son fils et \u00e0 son destin. Aucun de ces enfants n\u2019aurait d\u00fb \u00eatre ainsi vis\u00e9. Aucun de ces deux enfants n\u2019aurait d\u00fb \u00eatre touch\u00e9 \u00e0 la t\u00eate.<\/em><\/p>\n<p><em>Suite \u00e0 la blessure \u00e0 la t\u00eate d\u2019Abderrahmane, le bureau du porte-parole de l\u2019arm\u00e9e a d\u00e9clar\u00e9 \u00abau cours de l\u2019incident, un mineur palestinien a \u00e9t\u00e9 bless\u00e9\u00bb. Le porte-parole a encore affirm\u00e9 qu\u2019\u00abune r\u00e9clamation est connue \u00e0 propos d\u2019un Palestinien qui a \u00e9t\u00e9 bless\u00e9 par une balle recouverte de caoutchouc\u00bb s\u2019agissant du cas de Mohamed. Ce bureau a l\u2019habitude de ce type de plainte. Le porte-parole de l\u2019arm\u00e9e est la voix de l\u2019arm\u00e9e isra\u00e9lienne qui est l\u2019arm\u00e9e du peuple. Par cons\u00e9quent, le porte-parole de l\u2019arm\u00e9e parle au nom d\u2019Isra\u00ebl.<\/em><\/p>\n<p><em>Les porte-paroles publient leurs d\u00e9clarations \u00e0 glacer le sang du haut d\u2019une nouvelle tour de bureaux \u00e0 Ramat Aviv pr\u00e8s de Tel Aviv o\u00f9 leur bureau a r\u00e9cemment d\u00e9m\u00e9nag\u00e9. Ils d\u00e9signent sous le vocable de \u00abmineur palestinien \u00bb un gar\u00e7on de dix ans et notent \u00abqu\u2019une r\u00e9clamation palestinienne est connue\u00bb s\u2019agissant d\u2019un gosse qui lutte pour sa vie parce que des soldats lui ont tir\u00e9 une balle dans la t\u00eate. La d\u00e9shumanisation des Palestiniens a ainsi atteint l\u2019arm\u00e9e isra\u00e9lienne puisque m\u00eame les enfants n\u2019\u00e9veillent plus de sentiments humains comme le regret ou la piti\u00e9\u2026<\/em><\/p>\n<p><em>Le bureau du porte-parole de l\u2019arm\u00e9e fait bien son boulot. Ses d\u00e9clarations refl\u00e8tent bien l\u2019esprit des temps et des lieux. Nulle place ou raison d\u2019exprimer le moindre regret pour avoir log\u00e9 une balle dans la t\u00eate d\u2019un enfant; nulle place pour la piti\u00e9, des excuses, une enqu\u00eate ou une sanction et bien entendu pas la moindre compensation. Tirer sur un enfant palestinien est jug\u00e9 comme moins grave que de tirer sur un chien errant pour lequel il y a encore une chance que quelqu\u2019un entame une quelconque enqu\u00eate.<\/em><\/p>\n<p><em>Le porte-parole de l\u2019arm\u00e9e isra\u00e9lienne fait savoir: continuez de tirer sur les enfants palestiniens.\u00bb<\/em><\/p>\n<p><strong>Haaretz, 10 f\u00e9vrier 2020.<\/strong><br \/><span class=\"c4\"><em>Traduit de l\u2019anglais par Mohamed Larbi Bouguerra.<\/em><\/span><\/p>\n<\/div>\n<p><strong><span class=\"c4\"><em>1- Dominique Vidal, \u00abAntisionisme= Antis\u00e9mitisme. R\u00e9ponse \u00e0 Emmanuel Macron\u00bb, Nouvelle \u00e9dition augment\u00e9e, Libertalia, Paris, 2019.<br \/><\/em><\/span><\/strong><\/p>\n<p><strong><span class=\"c4\"><em>2- Piotr Smolar a publi\u00e9 \u00abMauvais juif\u00bb aux Editions Equateurs\/ Humensis , Paris, 2019. \u00abComme correspondant du Monde depuis 2014 en Isra\u00ebl, il a assist\u00e9 \u00e0 la mise sous tension identitaire de la d\u00e9mocratie, \u00e0 la mont\u00e9e de l\u2019intol\u00e9rance et \u00e0 la polarisation du d\u00e9bat public.\u00bb (4\u00e8me de couverture)<br \/><\/em><\/span><\/strong><\/p>\n<p><strong><span class=\"c4\"><em>3- Shlomo Sand est un \u00e9crivain prolifique. On citera son ouvrage \u00abComment j\u2019ai cess\u00e9 d\u2019\u00eatre juif\u00bb Flammarion, Paris, 2015. On peut y lire p. 112 : \u00abEn Isra\u00ebl, \u00eatre \u00abjuif\u00bb, c\u2019est avant tout ne pas \u00eatre arabe.\u00bb Ce qui confirme l\u2019article de Gideon Levy.\u00a0<\/em><\/span><\/strong><\/p>\n<p>Auteur:<br \/>\n<a href=\"https:\/\/www.leaders.com.tn\/article\/29108-le-porte-parole-de-l-armee-israelienne-annonce-continuez-a-tirer-sur-les-enfants-palestiniens-gideon-levy\">Cliquez ici pour lire l&rsquo;article depuis sa source.<\/a><\/p>\n","protected":false},"excerpt":{"rendered":"<p>De Paris, correspondance sp\u00e9ciale pour Leaders &#8211; Mohamed Larbi Bouguerra &#8211; Dimanche 9 f\u00e9vrier 2020, dans le cadre du \u00abMaghreb-Orient des Livres\u00bb, l\u2019auditorium de l\u2019H\u00f4tel de Ville de Paris, plein \u00e0 craquer, a \u00e9t\u00e9 le th\u00e9\u00e2tre d\u2019une rencontre anim\u00e9e intitul\u00e9e \u00abJuif, juda\u00efsme, antis\u00e9mitisme\u00bb. Sous la d\u00e9licate et comp\u00e9tente houlette de l\u2019historien Dominique Vidal(1), Piotr Smolar, [&hellip;]<\/p>\n","protected":false},"author":1772,"featured_media":75834,"comment_status":"closed","ping_status":"closed","sticky":false,"template":"","format":"standard","meta":{"fifu_image_url":"","fifu_image_alt":"","footnotes":""},"categories":[73,55],"tags":[],"class_list":["post-75833","post","type-post","status-publish","format-standard","has-post-thumbnail","hentry","category-actualite","category-tunisie"],"_links":{"self":[{"href":"https:\/\/linitiative.ca\/International\/wp-json\/wp\/v2\/posts\/75833","targetHints":{"allow":["GET"]}}],"collection":[{"href":"https:\/\/linitiative.ca\/International\/wp-json\/wp\/v2\/posts"}],"about":[{"href":"https:\/\/linitiative.ca\/International\/wp-json\/wp\/v2\/types\/post"}],"author":[{"embeddable":true,"href":"https:\/\/linitiative.ca\/International\/wp-json\/wp\/v2\/users\/1772"}],"replies":[{"embeddable":true,"href":"https:\/\/linitiative.ca\/International\/wp-json\/wp\/v2\/comments?post=75833"}],"version-history":[{"count":0,"href":"https:\/\/linitiative.ca\/International\/wp-json\/wp\/v2\/posts\/75833\/revisions"}],"wp:featuredmedia":[{"embeddable":true,"href":"https:\/\/linitiative.ca\/International\/wp-json\/"}],"wp:attachment":[{"href":"https:\/\/linitiative.ca\/International\/wp-json\/wp\/v2\/media?parent=75833"}],"wp:term":[{"taxonomy":"category","embeddable":true,"href":"https:\/\/linitiative.ca\/International\/wp-json\/wp\/v2\/categories?post=75833"},{"taxonomy":"post_tag","embeddable":true,"href":"https:\/\/linitiative.ca\/International\/wp-json\/wp\/v2\/tags?post=75833"}],"curies":[{"name":"wp","href":"https:\/\/api.w.org\/{rel}","templated":true}]}}