{"id":75835,"date":"2020-02-11T10:41:00","date_gmt":"2020-02-11T15:41:00","guid":{"rendered":"https:\/\/linitiative.ca\/International\/mais-que-fait-donc-zied-ladhari-a-paris\/"},"modified":"2020-02-11T10:41:00","modified_gmt":"2020-02-11T15:41:00","slug":"mais-que-fait-donc-zied-ladhari-a-paris","status":"publish","type":"post","link":"https:\/\/linitiative.ca\/International\/mais-que-fait-donc-zied-ladhari-a-paris\/","title":{"rendered":"Mais que fait donc Zied Ladhari \u00e0 Paris ?"},"content":{"rendered":"<p>L\u2019ancien ministre du D\u00e9veloppement, de l\u2019Investissement et de la coop\u00e9ration internationale, doubl\u00e9 de secr\u00e9taire g\u00e9n\u00e9ral d\u2019Ennahdha, ne se croise pas les bras. D\u00e9put\u00e9 \u00e0 l\u2019ARP (r\u00e9\u00e9lu dans la circonscription de Sousse), et membre de la Commission des Libert\u00e9s, Droits et Relations ext\u00e9rieures (pr\u00e9sid\u00e9e par Samah Dammak, \u00e9lue de Qalb Toun\u00e8s \u00e0 Sfax), multiplie les contacts en Tunisie et \u00e0 l\u2019\u00e9tranger, depuis qu\u2019il a quitt\u00e9 le gouvernement de Youssef Chahed ainsi que ses fonctions ex\u00e9cutives au sein de son parti. Il \u00e9tait ces derniers jours \u00e0 Paris, o\u00f9 il avait, depuis d\u00e9but l\u2019an 2000 poursuivi ses \u00e9tudes en Droit et obtenu son inscription au barreau.<\/p>\n<p>Bien qu\u2019il n\u2019\u00e9tait pas \u00e0 cette \u00e9poque particuli\u00e8rement actif au premiers rangs d\u2019Ennahdha en France aux c\u00f4t\u00e9s d\u2019Ameur Laarayedh, Mohamed Ben Salem, Riadh Bettaieb et Houcine Jaziri, en particulier, il avait d\u00e9velopp\u00e9 ses relations avec les militants de son parti depuis son \u00e9lection le 23 octobre 2011, \u00e0 l\u2019assembl\u00e9e constituante dans la circonscription de Sousse. R\u00e9activant \u00e0 pr\u00e9sent ses r\u00e9seaux parisiens, il a \u00e9t\u00e9 re\u00e7u \u00e0 la fin de la semaine derni\u00e8re et au d\u00e9but de cette semaine par de hauts responsables fran\u00e7ais qui souhaitent \u00e9couter son analyse de l\u2019\u00e9volution de la situation en Tunisie et comprendre ses perspectives. Un d\u00e9put\u00e9, issu d\u2019un grand parti, ancien ministre et encore plus membre de la Commission des Relations ext\u00e9rieures est toujours int\u00e9ressant \u00e0 \u00e9couter. Et explorer sa propre trajectoire future.<br \/>\u00a0<\/p>\n<p>Auteur:<br \/>\n<a href=\"https:\/\/www.leaders.com.tn\/article\/29103-mais-que-fait-donc-zied-ladhari-a-paris\">Cliquez ici pour lire l&rsquo;article depuis sa source.<\/a><\/p>\n","protected":false},"excerpt":{"rendered":"<p>L\u2019ancien ministre du D\u00e9veloppement, de l\u2019Investissement et de la coop\u00e9ration internationale, doubl\u00e9 de secr\u00e9taire g\u00e9n\u00e9ral d\u2019Ennahdha, ne se croise pas les bras. D\u00e9put\u00e9 \u00e0 l\u2019ARP (r\u00e9\u00e9lu dans la circonscription de Sousse), et membre de la Commission des Libert\u00e9s, Droits et Relations ext\u00e9rieures (pr\u00e9sid\u00e9e par Samah Dammak, \u00e9lue de Qalb Toun\u00e8s \u00e0 Sfax), multiplie les contacts [&hellip;]<\/p>\n","protected":false},"author":1772,"featured_media":0,"comment_status":"closed","ping_status":"closed","sticky":false,"template":"","format":"standard","meta":{"fifu_image_url":"","fifu_image_alt":"","footnotes":""},"categories":[73,55],"tags":[],"class_list":["post-75835","post","type-post","status-publish","format-standard","hentry","category-actualite","category-tunisie"],"_links":{"self":[{"href":"https:\/\/linitiative.ca\/International\/wp-json\/wp\/v2\/posts\/75835","targetHints":{"allow":["GET"]}}],"collection":[{"href":"https:\/\/linitiative.ca\/International\/wp-json\/wp\/v2\/posts"}],"about":[{"href":"https:\/\/linitiative.ca\/International\/wp-json\/wp\/v2\/types\/post"}],"author":[{"embeddable":true,"href":"https:\/\/linitiative.ca\/International\/wp-json\/wp\/v2\/users\/1772"}],"replies":[{"embeddable":true,"href":"https:\/\/linitiative.ca\/International\/wp-json\/wp\/v2\/comments?post=75835"}],"version-history":[{"count":0,"href":"https:\/\/linitiative.ca\/International\/wp-json\/wp\/v2\/posts\/75835\/revisions"}],"wp:attachment":[{"href":"https:\/\/linitiative.ca\/International\/wp-json\/wp\/v2\/media?parent=75835"}],"wp:term":[{"taxonomy":"category","embeddable":true,"href":"https:\/\/linitiative.ca\/International\/wp-json\/wp\/v2\/categories?post=75835"},{"taxonomy":"post_tag","embeddable":true,"href":"https:\/\/linitiative.ca\/International\/wp-json\/wp\/v2\/tags?post=75835"}],"curies":[{"name":"wp","href":"https:\/\/api.w.org\/{rel}","templated":true}]}}