{"id":75836,"date":"2020-02-11T11:00:00","date_gmt":"2020-02-11T16:00:00","guid":{"rendered":"https:\/\/linitiative.ca\/International\/gilles-kepel-a-tunis-pour-traiter-des-crises-actuelles-du-monde-arabe-et-de-leurs-consequences-pour-la-tunisie\/"},"modified":"2020-02-11T11:00:00","modified_gmt":"2020-02-11T16:00:00","slug":"gilles-kepel-a-tunis-pour-traiter-des-crises-actuelles-du-monde-arabe-et-de-leurs-consequences-pour-la-tunisie","status":"publish","type":"post","link":"https:\/\/linitiative.ca\/International\/gilles-kepel-a-tunis-pour-traiter-des-crises-actuelles-du-monde-arabe-et-de-leurs-consequences-pour-la-tunisie\/","title":{"rendered":"Gilles Kepel \u00e0 Tunis pour traiter des crises actuelles du monde arabe et de leurs cons\u00e9quences pour la Tunisie"},"content":{"rendered":"<p>Son analyse pertinente est \u00e9couter, encore plus en plein chaos. Gilles Kepel est de retour cette semaine \u00e0 Tunis pour reprendre ses entretiens avec les principaux acteurs politiques significatifs et donner une conf\u00e9rence tr\u00e8s attendue. A l\u2019invitation de l\u2019ambassadeur de France, Olivier Poivre d\u2019Arvor, il traitera d\u2019un sujet de grande acuit\u00e9 : \u00ab crises actuelles du monde arabe et de leurs cons\u00e9quences pour la Tunisie. \u00bb<\/p>\n<p>Avec l\u2019annonce de la \u00ab vision \u00bb du pr\u00e9sident am\u00e9ricain Donald Trump pour la paix au Moyen Orient, et ses rebondissements au conseil de S\u00e9curit\u00e9 de l\u2019ONU, la situation en Libye, au lendemain de la conf\u00e9rence de Berlin, l\u2019offensive turque conduite par le pr\u00e9sident Erdogan, le bras de fer entre les Etats-Unis et l\u2019Iran, le regain de tension en Irak et l\u2019entr\u00e9e en fonction des nouvelles autorit\u00e9s en Alg\u00e9rie, les sujets br\u00fblants ne manquent pas. A cela s\u2019ajoute le nouveau contexte tunisien marqu\u00e9 par le d\u00e9c\u00e8s de B\u00e9ji Ca\u00efd Essebsi, l\u2019\u00e9lection inattendue de son successeur Kais Saied, face notamment \u00e0 Youssef Chahed, Abdelfettah Mourou et Abdelkrim Zbidi. Mais aussi, les r\u00e9sultats mitig\u00e9s aux l\u00e9gislatives d\u2019Ennahadha (54 d\u00e9put\u00e9s) d\u00e9sormais talonn\u00e9 par de nouvelles m\u00e9t\u00e9orites Qalb Toun\u00e8s de Nabil Karoui (38 d\u00e9put\u00e9s) le PDL d\u2019Abir Moussi (17 d\u00e9put\u00e9s).<\/p>\n<p>La lecture qu\u2019en fera Gilles Kepel, s\u2019inscrit dans le prolongement de son livre \u2018\u2019<a href=\"https:\/\/www.leaders.com.tn\/article\/25709-gilles-kepel-comment-sortir-du-chaos-en-mediterranee-et-au-moyen-orient\">Sortir du chaos, les crises en M\u00e9diterran\u00e9e et au Moyen-Orient<\/a>\u2019\u2019, paru en octobre 2018 chez Gallimard. Kepel y avait apoprt\u00e9 en connaisseur son analyse de la situation dans la r\u00e9gion apr\u00e8s la s\u00e9rie de d\u00e9faites accus\u00e9es par l\u2019EI (Daech) et les nouveaux enjeux qui se dessinent. La mise \u00e0 jour, en ce d\u00e9but de 2020 est int\u00e9ressante \u00e0 suivre.<br \/>\u00a0<\/p>\n<p>Auteur:<br \/>\n<a href=\"https:\/\/www.leaders.com.tn\/article\/29102-gilles-kepel-a-tunis-pour-traiter-des-crises-actuelles-du-monde-arabe-et-de-leurs-consequences-pour-la-tunisie\">Cliquez ici pour lire l&rsquo;article depuis sa source.<\/a><\/p>\n","protected":false},"excerpt":{"rendered":"<p>Son analyse pertinente est \u00e9couter, encore plus en plein chaos. Gilles Kepel est de retour cette semaine \u00e0 Tunis pour reprendre ses entretiens avec les principaux acteurs politiques significatifs et donner une conf\u00e9rence tr\u00e8s attendue. A l\u2019invitation de l\u2019ambassadeur de France, Olivier Poivre d\u2019Arvor, il traitera d\u2019un sujet de grande acuit\u00e9 : \u00ab crises actuelles [&hellip;]<\/p>\n","protected":false},"author":1772,"featured_media":0,"comment_status":"closed","ping_status":"closed","sticky":false,"template":"","format":"standard","meta":{"fifu_image_url":"","fifu_image_alt":"","footnotes":""},"categories":[73,55],"tags":[],"class_list":["post-75836","post","type-post","status-publish","format-standard","hentry","category-actualite","category-tunisie"],"_links":{"self":[{"href":"https:\/\/linitiative.ca\/International\/wp-json\/wp\/v2\/posts\/75836","targetHints":{"allow":["GET"]}}],"collection":[{"href":"https:\/\/linitiative.ca\/International\/wp-json\/wp\/v2\/posts"}],"about":[{"href":"https:\/\/linitiative.ca\/International\/wp-json\/wp\/v2\/types\/post"}],"author":[{"embeddable":true,"href":"https:\/\/linitiative.ca\/International\/wp-json\/wp\/v2\/users\/1772"}],"replies":[{"embeddable":true,"href":"https:\/\/linitiative.ca\/International\/wp-json\/wp\/v2\/comments?post=75836"}],"version-history":[{"count":0,"href":"https:\/\/linitiative.ca\/International\/wp-json\/wp\/v2\/posts\/75836\/revisions"}],"wp:attachment":[{"href":"https:\/\/linitiative.ca\/International\/wp-json\/wp\/v2\/media?parent=75836"}],"wp:term":[{"taxonomy":"category","embeddable":true,"href":"https:\/\/linitiative.ca\/International\/wp-json\/wp\/v2\/categories?post=75836"},{"taxonomy":"post_tag","embeddable":true,"href":"https:\/\/linitiative.ca\/International\/wp-json\/wp\/v2\/tags?post=75836"}],"curies":[{"name":"wp","href":"https:\/\/api.w.org\/{rel}","templated":true}]}}