{"id":75839,"date":"2020-02-11T14:07:00","date_gmt":"2020-02-11T19:07:00","guid":{"rendered":"https:\/\/linitiative.ca\/International\/signature-jeudi-dune-convention-de-partenariat-entre-linstitut-tunisien-des-administrateurs-et-linstitut-dadministration-des-entreprises-de-paris\/"},"modified":"2020-02-11T14:07:00","modified_gmt":"2020-02-11T19:07:00","slug":"signature-jeudi-dune-convention-de-partenariat-entre-linstitut-tunisien-des-administrateurs-et-linstitut-dadministration-des-entreprises-de-paris","status":"publish","type":"post","link":"https:\/\/linitiative.ca\/International\/signature-jeudi-dune-convention-de-partenariat-entre-linstitut-tunisien-des-administrateurs-et-linstitut-dadministration-des-entreprises-de-paris\/","title":{"rendered":"Signature jeudi d&rsquo;une convention de partenariat entre l&rsquo;Institut Tunisien des Administrateurs et  l&rsquo;Institut d&rsquo;Administration des Entreprises de Paris"},"content":{"rendered":"<p>L\u2019institut Tunisien des administrateurs (ITA) lance ce jeudi 13 f\u00e9vrier 2020 \u00e0 l\u2019h\u00f4tel Laico (Tunis) son programme de Certification des administrateurs de soci\u00e9t\u00e9s sous le th\u00e8me de : Responsabilit\u00e9s, r\u00f4les et contributions \u00e0 la bonne gouvernance des entreprises et des banques.<\/p>\n<p>A cette occasion l\u2019IAT proc\u00e9dera \u00e0 la signature d\u2019une convention de partenariat avec l\u2019Administration des Entreprises (IAE) Paris- Panth\u00e9on\u00a0 Sorbonne. l\u2019ITA, cr\u00e9e en 2010 vient enrichir son panel d\u2019alliance et consolider un effort de\u00a0 dix ans consenti par ses membres actifs en signant ce nouveau partenariat qui sera tr\u00e8s b\u00e9n\u00e9fique en ces temps difficiles pour la Tunisie.<\/p>\n<p>Rappelons que l\u2019ITA est le fruit de la d\u00e9termination du secteur public et du secteur priv\u00e9 \u00e0 mettre en avant les bonnes pratiques de gouvernance des entreprises en Tunisie et d\u2019accompagner les membres des conseils d\u2019administration.<\/p>\n<p>Pr\u00e9sid\u00e9 depuis Mai 2019 par Moez Joudi Expert-Consultant-Formateur en Gouvernance, finance et strat\u00e9gie des entreprises et des grands groupes l\u2019ITA ne cesse de se d\u00e9velopper jusqu\u2019\u00e0 devenir aujourd\u2019hui un acteur incontournable pour les administrateurs tunisiens.<\/p>\n<p><strong>Lire aussi<\/strong><\/p>\n<p><a href=\"https:\/\/www.leaders.com.tn\/article\/3196-en-lancement-de-l-ita-daniel-lebegue-elyes-jouini-et-slaheddine-ladjimi-l-administrateur-independant-en-debat\" target=\"_blank\" rel=\"noopener noreferrer\">En lancement de l&rsquo;ITA, Daniel Leb\u00e8gue, Ely\u00e8s Jouini et Slaheddine Ladjimi: l&rsquo;Administrateur Ind\u00e9pendant en d\u00e9bat<\/a><br \/>\u00a0<\/p>\n<p>Auteur:<br \/>\n<a href=\"https:\/\/www.leaders.com.tn\/article\/29112-l-institut-tunisien-des-administrateurs-signature-de-la-convention-de-partenariat-avec-la-administration-des-entreprises-iae-paris-pantheon-sorbonne\">Cliquez ici pour lire l&rsquo;article depuis sa source.<\/a><\/p>\n","protected":false},"excerpt":{"rendered":"<p>L\u2019institut Tunisien des administrateurs (ITA) lance ce jeudi 13 f\u00e9vrier 2020 \u00e0 l\u2019h\u00f4tel Laico (Tunis) son programme de Certification des administrateurs de soci\u00e9t\u00e9s sous le th\u00e8me de : Responsabilit\u00e9s, r\u00f4les et contributions \u00e0 la bonne gouvernance des entreprises et des banques. A cette occasion l\u2019IAT proc\u00e9dera \u00e0 la signature d\u2019une convention de partenariat avec l\u2019Administration [&hellip;]<\/p>\n","protected":false},"author":1772,"featured_media":0,"comment_status":"closed","ping_status":"closed","sticky":false,"template":"","format":"standard","meta":{"fifu_image_url":"","fifu_image_alt":"","footnotes":""},"categories":[73,55],"tags":[],"class_list":["post-75839","post","type-post","status-publish","format-standard","hentry","category-actualite","category-tunisie"],"_links":{"self":[{"href":"https:\/\/linitiative.ca\/International\/wp-json\/wp\/v2\/posts\/75839","targetHints":{"allow":["GET"]}}],"collection":[{"href":"https:\/\/linitiative.ca\/International\/wp-json\/wp\/v2\/posts"}],"about":[{"href":"https:\/\/linitiative.ca\/International\/wp-json\/wp\/v2\/types\/post"}],"author":[{"embeddable":true,"href":"https:\/\/linitiative.ca\/International\/wp-json\/wp\/v2\/users\/1772"}],"replies":[{"embeddable":true,"href":"https:\/\/linitiative.ca\/International\/wp-json\/wp\/v2\/comments?post=75839"}],"version-history":[{"count":0,"href":"https:\/\/linitiative.ca\/International\/wp-json\/wp\/v2\/posts\/75839\/revisions"}],"wp:attachment":[{"href":"https:\/\/linitiative.ca\/International\/wp-json\/wp\/v2\/media?parent=75839"}],"wp:term":[{"taxonomy":"category","embeddable":true,"href":"https:\/\/linitiative.ca\/International\/wp-json\/wp\/v2\/categories?post=75839"},{"taxonomy":"post_tag","embeddable":true,"href":"https:\/\/linitiative.ca\/International\/wp-json\/wp\/v2\/tags?post=75839"}],"curies":[{"name":"wp","href":"https:\/\/api.w.org\/{rel}","templated":true}]}}