{"id":75844,"date":"2020-02-11T14:56:09","date_gmt":"2020-02-11T19:56:09","guid":{"rendered":"https:\/\/linitiative.ca\/International\/negociations-entre-bamako-et-des-groupes-armes-sur-fond-dattaques\/"},"modified":"2020-02-11T14:56:09","modified_gmt":"2020-02-11T19:56:09","slug":"negociations-entre-bamako-et-des-groupes-armes-sur-fond-dattaques","status":"publish","type":"post","link":"https:\/\/linitiative.ca\/International\/negociations-entre-bamako-et-des-groupes-armes-sur-fond-dattaques\/","title":{"rendered":"NEGOCIATIONS ENTRE BAMAKO ET DES GROUPES ARMES SUR FOND D\u2019ATTAQUES"},"content":{"rendered":"<div class=\"stream-item stream-item-above-post-content\">\n<p><noscript><\/p>\n<p><a href=\"\/\/www3.smartadserver.com\/ac?jump=1&#038;nwid=2136&#038;siteid=240610&#038;pgname=rg&#038;fmtid=49046&#038;visit=m&#038;tmstp=[timestamp]&#038;out=nonrich\" target=\"_blank\" rel=\"noopener noreferrer\"><img decoding=\"async\" src=\"\/\/www3.smartadserver.com\/ac?out=nonrich&#038;nwid=2136&#038;siteid=240610&#038;pgname=rg&#038;fmtid=49046&#038;visit=m&#038;tmstp=[timestamp]\" border=\"0\" alt=\"\"\/><\/a><\/p>\n<p><\/noscript><\/div>\n<p class=\"c3\"><em>Le pr\u00e9sident malien Ibrahim Boubacar K\u00e9ita (IBK) a confirm\u00e9 sur les antennes de RFI que des contacts \u00e9taient en train d\u2019\u00eatre nou\u00e9s avec certains leaders terroristes. Pour un r\u00e9trop\u00e9dalage, c\u2019en est un, puisqu\u2019on sait que l\u2019id\u00e9e m\u00eame de n\u00e9gociations avec les groupes terroristes, \u00e9tait tabou \u00e0 Bamako, et le pr\u00e9sident Ibrahim Boubacar K\u00e9ita avait, \u00e0 plusieurs reprises, martel\u00e9 qu\u2019il n\u2019en serait jamais question pendant sa mandature. Pr\u00e8s de dix ans apr\u00e8s, IBK s\u2019est rendu \u00e0 l\u2019\u00e9vidence que des groupes terroristes qui se reproduisent par scissiparit\u00e9, ont mis la moiti\u00e9 de son pays sous coupe r\u00e9gl\u00e9e et ont m\u00eame r\u00e9ussi \u00e0 se diss\u00e9miner dans certains pays voisins comme le Burkina Faso et le Niger, malgr\u00e9 l\u2019armada militaire d\u00e9ploy\u00e9e sur le terrain. Maintenant que la situation est devenue, pour ainsi dire, \u00ab\u00a0ind\u00e9merdable\u00a0\u00bb pour toute la sous-r\u00e9gion avec la mont\u00e9e en puissance du groupe terroriste le plus sanguinaire qu\u2019est l\u2019Etat islamique dans le grand Sahara (EIGS), les autorit\u00e9s maliennes semblent avoir choisi de n\u00e9gocier avec les chefs terroristes du cru, qui seraient plus enclins \u00e0 accepter la main tendue pour sauver le Mali dont ils sont, eux aussi, originaires.<\/em><\/p>\n<p class=\"c3\"><strong><em>Rien ne dit que ces n\u00e9gociations ne vont pas achopper sur des revendications maximalistes<\/em><\/strong><\/p>\n<p class=\"c3\"><em>Avec la pr\u00e9sence de plus en plus remarqu\u00e9e de l\u2019EIGS dans la zone du Liptako-Gourma, et le rouleau compresseur des arm\u00e9es des pays du G5 Sahel qui est en train de se mettre progressivement en marche, Iyad Ag Ghali et Amadou Koufa pourraient, pour ainsi dire, revenir \u00e0 de meilleurs sentiments en acceptant le principe du dialogue pour sortir du cercle vicieux, moyennant des garanties de s\u00e9curit\u00e9, et pourquoi pas de bien-\u00eatre pour leurs combattants. Ce dialogue est, selon toute vraisemblance, possible d\u2019autant que des contacts directs encadr\u00e9s par les autorit\u00e9s maliennes, ont d\u00e9j\u00e0 \u00e9t\u00e9 \u00e9tablis entre des \u00e9missaires comme le pr\u00e9sident de l\u2019Association \u00ab\u00a0Faso Damb\u00e9 Ton\u00a0\u00bb, Adama Coulibaly, l\u2019avocat Hassane Barry et le colonel de l\u2019arm\u00e9e, Mamadou Lamine Konar\u00e9 et le chef de la Katiba Macina, Amadou Koufa. Cette piste de dialogue avec les insurg\u00e9s islamistes officieusement explor\u00e9e par le gouvernement malien, peut permettre d\u2019att\u00e9nuer le niveau de violence et de ramener progressivement la paix dans le pays. La preuve en a \u00e9t\u00e9 donn\u00e9e en f\u00e9vrier 2019 lorsqu\u2019une quinzaine de djihadistes dont l\u2019ancien commissaire de la police islamique de Gao, Aliou Mahamane Tour\u00e9, ont \u00e9t\u00e9 lib\u00e9r\u00e9s dans le plus grand secret, en \u00e9change de plusieurs otages militaires et civils qui \u00e9taient alors aux mains de la Katiba Macina, dont le pr\u00e9fet de Tenenkou, Makan Doumbia et le journaliste Issaka Tamboura. Le pr\u00e9dicateur radical aurait dit \u00eatre dispos\u00e9 \u00e0 continuer les n\u00e9gociations avec le gouvernement malien \u00e0 condition que les troupes fran\u00e7aises quittent le pays et que la charia y soit appliqu\u00e9e, si on lui envoyait des \u00e9rudits musulmans \u00e0 l\u2019image de l\u2019imam Mahmoud Dicko, Mahi Banikane ou Cheic Oumar Dia comme \u00e9missaires. Depuis, les frappes fran\u00e7aises dans la for\u00eat de Wagadou qui l\u2019ont rat\u00e9 de justesse en novembre 2018 et l\u2019interpellation de l\u2019un de ses interlocuteurs, l\u2019avocat Hassane Barry, en novembre de l\u2019ann\u00e9e derni\u00e8re, sont pass\u00e9es par l\u00e0, et Koufa est devenu plus frileux voire r\u00e9tif \u00e0 l\u2019id\u00e9e de toute sortie de crise n\u00e9goci\u00e9e. Pour autant, les chances de renouer les fils du dialogue existent encore, surtout que l\u2019une des recommandations du dialogue national inclusif organis\u00e9 \u00e0 Bamako en d\u00e9cembre dernier, \u00e9tait justement de tendre la main non seulement \u00e0 Amadou Koufa, mais aussi \u00e0 son mentor Iyad Ag Ghali. C\u2019est certainement dans cette perspective que s\u2019inscrivait la sortie m\u00e9diatique, le mois dernier, du Haut repr\u00e9sentant du pr\u00e9sident de la R\u00e9publique du Mali pour le Centre, Dioncounda Traor\u00e9, qui se disait pr\u00eat \u00e0 discuter avec tous les protagonistes de la crise, y compris les deux chefs terroristes. Si aujourd\u2019hui, bien des Maliens semblent \u00e9pouser cette d\u00e9marche, il faudrait n\u00e9anmoins faire preuve d\u2019un optimisme mesur\u00e9 quant \u00e0 l\u2019efficacit\u00e9 de cette option de la carotte car, de part et d\u2019autre, la m\u00e9fiance existe toujours et on n\u2019a pas totalement renonc\u00e9 \u00e0 la victoire par les armes. En outre, rien ne dit que ces n\u00e9gociations ne vont pas achopper sur des revendications maximalistes des chefs djihadistes, qui seraient inacceptables pour les autorit\u00e9s de Bamako, pour peu qu\u2019elles veuillent pr\u00e9server la forme r\u00e9publicaine et la\u00efque de l\u2019Etat. Si on ajoute \u00e0 tous ces impond\u00e9rables le fait que Iyad Ag Ghali et Amadou Koufa n\u2019ont pas de prise sur tous les groupes arm\u00e9s qui op\u00e8rent au Centre et au Nord du Mali, on ne peut qu\u2019attendre de voir, en esp\u00e9rant que tous se rallieront \u00e0 la cause de la paix et que cette \u00e9ventuelle divine surprise aura des r\u00e9percussions positives au Niger et au Burkina Faso.<\/em><\/p>\n<p class=\"c3\"><strong><em>Hamadou GADIAGA<\/em><\/strong><\/p>\n<p>Auteur: Le Pays<br \/>\n<a href=\"http:\/\/lepays.bf\/negociations-entre-bamako-et-des-groupes-armes-sur-fond-dattaques\/\">Cliquez ici pour lire l&rsquo;article depuis sa source.<\/a><\/p>\n","protected":false},"excerpt":{"rendered":"<p>Le pr\u00e9sident malien Ibrahim Boubacar K\u00e9ita (IBK) a confirm\u00e9 sur les antennes de RFI que des contacts \u00e9taient en train d\u2019\u00eatre nou\u00e9s avec certains leaders terroristes. Pour un r\u00e9trop\u00e9dalage, c\u2019en est un, puisqu\u2019on sait que l\u2019id\u00e9e m\u00eame de n\u00e9gociations avec les groupes terroristes, \u00e9tait tabou \u00e0 Bamako, et le pr\u00e9sident Ibrahim Boubacar K\u00e9ita avait, \u00e0 [&hellip;]<\/p>\n","protected":false},"author":1813,"featured_media":0,"comment_status":"closed","ping_status":"closed","sticky":false,"template":"","format":"standard","meta":{"fifu_image_url":"","fifu_image_alt":"","footnotes":""},"categories":[73,81],"tags":[],"class_list":["post-75844","post","type-post","status-publish","format-standard","hentry","category-actualite","category-burkina-faso"],"_links":{"self":[{"href":"https:\/\/linitiative.ca\/International\/wp-json\/wp\/v2\/posts\/75844","targetHints":{"allow":["GET"]}}],"collection":[{"href":"https:\/\/linitiative.ca\/International\/wp-json\/wp\/v2\/posts"}],"about":[{"href":"https:\/\/linitiative.ca\/International\/wp-json\/wp\/v2\/types\/post"}],"author":[{"embeddable":true,"href":"https:\/\/linitiative.ca\/International\/wp-json\/wp\/v2\/users\/1813"}],"replies":[{"embeddable":true,"href":"https:\/\/linitiative.ca\/International\/wp-json\/wp\/v2\/comments?post=75844"}],"version-history":[{"count":0,"href":"https:\/\/linitiative.ca\/International\/wp-json\/wp\/v2\/posts\/75844\/revisions"}],"wp:attachment":[{"href":"https:\/\/linitiative.ca\/International\/wp-json\/wp\/v2\/media?parent=75844"}],"wp:term":[{"taxonomy":"category","embeddable":true,"href":"https:\/\/linitiative.ca\/International\/wp-json\/wp\/v2\/categories?post=75844"},{"taxonomy":"post_tag","embeddable":true,"href":"https:\/\/linitiative.ca\/International\/wp-json\/wp\/v2\/tags?post=75844"}],"curies":[{"name":"wp","href":"https:\/\/api.w.org\/{rel}","templated":true}]}}