{"id":75845,"date":"2020-02-11T15:00:47","date_gmt":"2020-02-11T20:00:47","guid":{"rendered":"https:\/\/linitiative.ca\/International\/sortie-dalpha-conde-sur-son-projet-de-3eme-mandat\/"},"modified":"2020-02-11T15:00:47","modified_gmt":"2020-02-11T20:00:47","slug":"sortie-dalpha-conde-sur-son-projet-de-3eme-mandat","status":"publish","type":"post","link":"https:\/\/linitiative.ca\/International\/sortie-dalpha-conde-sur-son-projet-de-3eme-mandat\/","title":{"rendered":"SORTIE D\u2019ALPHA CONDE SUR SON PROJET DE 3EME MANDAT"},"content":{"rendered":"<div class=\"stream-item stream-item-above-post-content\">\n<p><noscript><\/p>\n<p><a href=\"\/\/www3.smartadserver.com\/ac?jump=1&#038;nwid=2136&#038;siteid=240610&#038;pgname=rg&#038;fmtid=49046&#038;visit=m&#038;tmstp=[timestamp]&#038;out=nonrich\" target=\"_blank\" rel=\"noopener noreferrer\"><img decoding=\"async\" src=\"\/\/www3.smartadserver.com\/ac?out=nonrich&#038;nwid=2136&#038;siteid=240610&#038;pgname=rg&#038;fmtid=49046&#038;visit=m&#038;tmstp=[timestamp]\" border=\"0\" alt=\"\"\/><\/a><\/p>\n<p><\/noscript><\/div>\n<p class=\"c3\"><em>Se pr\u00e9sentera, se pr\u00e9sentera pas\u00a0? A quelques mois de la fin de son second et dernier mandat constitutionnel, le pr\u00e9sident guin\u00e9en, Alpha Cond\u00e9, continue de garder ce qui, pour lui, est encore un myst\u00e8re sur le projet de 3\u00e8me mandat dont l\u2019opposition lui pr\u00eate l\u2019intention et qui pollue l\u2019atmosph\u00e8re sociopolitique dans son pays. Interrog\u00e9 sur la question, au d\u00e9tour du 33\u00e8me sommet de l\u2019Union africaine (UA) qui a referm\u00e9 ses portes le 10 f\u00e9vrier dernier \u00e0 Addis-Abeba, le Professeur a non seulement bott\u00e9 en touche en disant qu\u2019il revient au peuple d\u2019en d\u00e9cider, mais, il s\u2019est aussi montr\u00e9 plut\u00f4t agac\u00e9 par la position de ceux qui s\u2019insurgent contre les mandats multiples. Toutes choses qui ne laissent plus de doute quant \u00e0 sa volont\u00e9 de briguer un mandat suppl\u00e9mentaire, malgr\u00e9 la clameur de son peuple qui est vent debout, depuis plusieurs mois, contre l\u2019adoption d\u2019une nouvelle Constitution dont il a r\u00e9cemment coupl\u00e9 le r\u00e9f\u00e9rendum aux l\u00e9gislatives report\u00e9es au 1er mars prochain. Mais, de cette sortie du chef de l\u2019Etat guin\u00e9en, il faut plus en pleurer qu\u2019en rire.<\/em><\/p>\n<p class=\"c3\"><strong><em>C\u2019est \u00e0 croire que le pr\u00e9sident guin\u00e9en a perdu le Nord<\/em><\/strong><\/p>\n<p class=\"c3\"><em>Et pour causes. Les vives tensions occasionn\u00e9es par ce projet, ont d\u00e9j\u00e0 laiss\u00e9 plusieurs morts sur le carreau, lors des manifestations de rue. Et la s\u00e9rie noire risque de se poursuivre si le pr\u00e9sident doit aller jusqu\u2019au bout de sa logique, face \u00e0 une opposition plus que jamais d\u00e9termin\u00e9e et qui a d\u00e9j\u00e0 fait la preuve de sa capacit\u00e9 de tr\u00e8s forte mobilisation dans la rue. Aussi est-on port\u00e9 \u00e0 croire que cette obstination du pr\u00e9sident guin\u00e9en ne peut r\u00e9pondre qu\u2019\u00e0 deux choses\u00a0: soit il n\u2019a pas encore pris toute la mesure du p\u00e9ril que repr\u00e9sente un \u00e9ventuel tripatouillage constitutionnel pour s\u2019ouvrir la voie \u00e0 un troisi\u00e8me mandat, soit il en est conscient et est pr\u00eat \u00e0 dresser le b\u00fbcher pour son peuple, pour assouvir ses ambitions \u00ab\u00a0pouvoiristes\u00a0\u00bb. D\u00fbt-il, pour cela, user, comme c\u2019\u00e9tait le cas lors de cette interview, d\u2019arguments qui volent franchement au ras des p\u00e2querettes. En tout cas, c\u2019est ce que l\u2019on est port\u00e9 \u00e0 croire quand il dit, par exemple, ne pas comprendre pourquoi certains de ses homologues pr\u00e9sidents peuvent all\u00e8grement aligner les mandats \u00e0 souhait sans que cela n\u2019\u00e9meuve outre mesure alors que dans son cas, on veut lui faire la morale. Mais qu\u2019un octog\u00e9naire de son \u00e2ge manque autant de sagesse pour comprendre qu\u2019il n\u2019est pas oblig\u00e9 de suivre les mauvais exemples des moutons noirs de la d\u00e9mocratie, cela a de quoi laisser songeur. D\u2019autant qu\u2019il ne semble pas n\u2019ont plus tirer le\u00e7on des exemples humiliants de certains de ses pairs qui ont fait plus que se br\u00fbler les doigts en s\u2019essayant avant lui au jeu du tripatouillage constitutionnel pour se maintenir au pouvoir. C\u2019est \u00e0 croire que le pr\u00e9sident guin\u00e9en a perdu le Nord, toute chose qui risque de le conduire droit dans le mur ou lui valoir de sortir de l\u2019histoire par une porte d\u00e9rob\u00e9e. A moins que tout cela ne proc\u00e8de finalement d\u2019une irr\u00e9sistible volont\u00e9 mortif\u00e8re de pouvoir \u00e0 vie, pour avoir droit \u00e0 des fun\u00e9railles nationales. En tout cas, quand Cond\u00e9 dit qu\u2019il revient au peuple guin\u00e9en de d\u00e9cider, on veut bien se demander de quel peuple il s\u2019agit.<\/em><\/p>\n<p class=\"c3\"><strong><em>Si Cond\u00e9 persiste dans sa volont\u00e9 de briguer le mandat de trop, il portera l\u2019enti\u00e8re responsabilit\u00e9 des cons\u00e9quences devant l\u2019Histoire<\/em><\/strong><\/p>\n<p class=\"c3\"><em>O\u00f9 met-il la d\u00e9ferlante de contestataires qui, mobilis\u00e9s depuis des mois \u00e0 travers le FNDC (Front national de d\u00e9fense de la Constitution), lui demandent de respecter la Loi fondamentale de son pays en faisant valoir ses droits \u00e0 la retraite\u00a0? Et puis, m\u00eame si une partie du peuple jetait son d\u00e9volu sur lui, tout professeur qu\u2019il est, ne peut-il pas se surpasser en faisant valoir sans ambages qu\u2019il ne doit pas tordre le cou \u00e0 la Constitution\u00a0? C\u2019est par cela aussi que l\u2019on reconna\u00eet les Grands hommes, les vrais hommes d\u2019Etat. C\u2019est dire s\u2019il n\u2019a aucun \u00e9gard, encore moins de remord, pour les morts cons\u00e9cutifs aux manifestations de protestation contre son projet de 3e mandat, dont la Guin\u00e9e aurait pourtant pu faire l\u2019\u00e9conomie. A la v\u00e9rit\u00e9, Alpha Cond\u00e9 se moque du peuple guin\u00e9en. Et il fait dans la fuite en avant en rejetant la responsabilit\u00e9 du choix du candidat sur son parti. Car, il sait, comme tout bon dictateur, que tant qu\u2019il ne renoncera pas clairement de lui-m\u00eame au pouvoir, sa formation politique ne se hasardera jamais \u00e0 emboucher une trompette autre que la sienne. Parce qu\u2019en Afrique, la voix du ma\u00eetre, c\u2019est la voix du parti. Et Cond\u00e9 est conscient que parmi ceux qui le soutiennent, beaucoup le font soit par peur, soit pour des raisons \u0153sophagiques ou claniques.<\/em><br \/><em>En tout \u00e9tat de cause, si malgr\u00e9 toutes les alertes et les coups de semonce de l\u2019opposition, Alpha Cond\u00e9 persiste dans sa volont\u00e9 de briguer le mandat de trop, il portera l\u2019enti\u00e8re responsabilit\u00e9 des cons\u00e9quences devant l\u2019Histoire.<\/em><\/p>\n<p class=\"c3\"><strong><em>\u00ab\u00a0Le Pays\u00a0\u00bb<\/em><\/strong><\/p>\n<p>Auteur: Le Pays<br \/>\n<a href=\"http:\/\/lepays.bf\/sortie-dalpha-conde-sur-son-projet-de-3eme-mandat\/\">Cliquez ici pour lire l&rsquo;article depuis sa source.<\/a><\/p>\n","protected":false},"excerpt":{"rendered":"<p>Se pr\u00e9sentera, se pr\u00e9sentera pas\u00a0? A quelques mois de la fin de son second et dernier mandat constitutionnel, le pr\u00e9sident guin\u00e9en, Alpha Cond\u00e9, continue de garder ce qui, pour lui, est encore un myst\u00e8re sur le projet de 3\u00e8me mandat dont l\u2019opposition lui pr\u00eate l\u2019intention et qui pollue l\u2019atmosph\u00e8re sociopolitique dans son pays. Interrog\u00e9 sur [&hellip;]<\/p>\n","protected":false},"author":1813,"featured_media":0,"comment_status":"closed","ping_status":"closed","sticky":false,"template":"","format":"standard","meta":{"fifu_image_url":"","fifu_image_alt":"","footnotes":""},"categories":[73,81],"tags":[],"class_list":["post-75845","post","type-post","status-publish","format-standard","hentry","category-actualite","category-burkina-faso"],"_links":{"self":[{"href":"https:\/\/linitiative.ca\/International\/wp-json\/wp\/v2\/posts\/75845","targetHints":{"allow":["GET"]}}],"collection":[{"href":"https:\/\/linitiative.ca\/International\/wp-json\/wp\/v2\/posts"}],"about":[{"href":"https:\/\/linitiative.ca\/International\/wp-json\/wp\/v2\/types\/post"}],"author":[{"embeddable":true,"href":"https:\/\/linitiative.ca\/International\/wp-json\/wp\/v2\/users\/1813"}],"replies":[{"embeddable":true,"href":"https:\/\/linitiative.ca\/International\/wp-json\/wp\/v2\/comments?post=75845"}],"version-history":[{"count":0,"href":"https:\/\/linitiative.ca\/International\/wp-json\/wp\/v2\/posts\/75845\/revisions"}],"wp:attachment":[{"href":"https:\/\/linitiative.ca\/International\/wp-json\/wp\/v2\/media?parent=75845"}],"wp:term":[{"taxonomy":"category","embeddable":true,"href":"https:\/\/linitiative.ca\/International\/wp-json\/wp\/v2\/categories?post=75845"},{"taxonomy":"post_tag","embeddable":true,"href":"https:\/\/linitiative.ca\/International\/wp-json\/wp\/v2\/tags?post=75845"}],"curies":[{"name":"wp","href":"https:\/\/api.w.org\/{rel}","templated":true}]}}