{"id":75847,"date":"2020-02-11T07:27:15","date_gmt":"2020-02-11T12:27:15","guid":{"rendered":"https:\/\/linitiative.ca\/International\/revision-du-fichier-electoral-4-500-000-electeurs-attendus\/"},"modified":"2020-02-11T07:27:15","modified_gmt":"2020-02-11T12:27:15","slug":"revision-du-fichier-electoral-4-500-000-electeurs-attendus","status":"publish","type":"post","link":"https:\/\/linitiative.ca\/International\/revision-du-fichier-electoral-4-500-000-electeurs-attendus\/","title":{"rendered":"R\u00e9vision du fichier \u00e9lectoral  4\u00a0500\u00a0000 \u00e9lecteurs attendus"},"content":{"rendered":"<div class=\"td-post-featured-image\"><a href=\"https:\/\/i2.wp.com\/www.sidwaya.info\/wp-content\/uploads\/2020\/02\/01.jpg?fit=800%2C600&#038;ssl=1\" data-caption=\"\"><img loading=\"lazy\" decoding=\"async\" width=\"696\" height=\"522\" class=\"entry-thumb td-modal-image\" src=\"https:\/\/i2.wp.com\/www.sidwaya.info\/wp-content\/uploads\/2020\/02\/01.jpg?resize=696%2C522&#038;ssl=1\" srcset=\"https:\/\/i2.wp.com\/www.sidwaya.info\/wp-content\/uploads\/2020\/02\/01.jpg?w=800&#038;ssl=1 800w, https:\/\/i2.wp.com\/www.sidwaya.info\/wp-content\/uploads\/2020\/02\/01.jpg?resize=300%2C225&#038;ssl=1 300w, https:\/\/i2.wp.com\/www.sidwaya.info\/wp-content\/uploads\/2020\/02\/01.jpg?resize=768%2C576&#038;ssl=1 768w, https:\/\/i2.wp.com\/www.sidwaya.info\/wp-content\/uploads\/2020\/02\/01.jpg?resize=696%2C522&#038;ssl=1 696w, https:\/\/i2.wp.com\/www.sidwaya.info\/wp-content\/uploads\/2020\/02\/01.jpg?resize=560%2C420&#038;ssl=1 560w, https:\/\/i2.wp.com\/www.sidwaya.info\/wp-content\/uploads\/2020\/02\/01.jpg?resize=80%2C60&#038;ssl=1 80w, https:\/\/i2.wp.com\/www.sidwaya.info\/wp-content\/uploads\/2020\/02\/01.jpg?resize=265%2C198&#038;ssl=1 265w\" sizes=\"auto, (max-width: 696px) 100vw, 696px\" alt=\"\" title=\"01\"\/><\/a><\/div>\n<p><strong>La Commission \u00e9lectorale nationale ind\u00e9pendante (CENI) a officiellement lanc\u00e9 la r\u00e9vision des listes \u00e9lectorales biom\u00e9triques 2020, hier lundi 10 f\u00e9vrier \u00e0 D\u00e9dougou dans la Boucle du Mouhoun. La c\u00e9r\u00e9monie a \u00e9t\u00e9 pr\u00e9sid\u00e9e par le Premier ministre, Christophe Joseph Marie Dabir\u00e9.<\/strong><\/p>\n<p>C\u2019est parti pour la r\u00e9vision des listes \u00e9lectorales biom\u00e9triques des Burkinab\u00e8 de l\u2019int\u00e9rieur. La Commission \u00e9lectorale nationale ind\u00e9pendante (CENI), apr\u00e8s l\u2019enr\u00f4lement de la diaspora, a pris son b\u00e2ton de p\u00e8lerin pour l\u2019inscription de l\u2019\u00e9lectorat de l\u2019int\u00e9rieur, ce lundi 10 f\u00e9vrier 2020 \u00e0 D\u00e9dougou dans la Boucle du Mouhoun. En un clic, le Premier ministre, Christophe Joseph Marie Dabir\u00e9, a d\u00e9livr\u00e9 au chef de canton de la cit\u00e9 de Bankuy sa carte d\u2019\u00e9lecteur, consacrant ainsi le d\u00e9but officiel de la r\u00e9vision des listes \u00e9lectorales biom\u00e9triques 2020. Le d\u00e9fi de cette op\u00e9ration, indique le pr\u00e9sident de la CENI, Newton Amed Barry, est de trouver et d\u2019enr\u00f4ler 4,5 millions nouveaux \u00e9lecteurs sur l\u2019ensemble du territoire reparti en trois zones. Dans la premi\u00e8re zone compos\u00e9e des r\u00e9gions de la Boucle du Mouhoun et du Centre-Ouest, a-t-il dit, plus de deux millions de personnes ont au moins 18 ans (\u00e2ge de voter), mais environ 900\u00a0000 ne sont pas encore inscrites sur le fichier \u00e9lectoral. Pendant une dizaine de jours, les op\u00e9rateurs de kits sur les 1\u00a0605 emplacements, a rappel\u00e9 M. Barry, vont travailler \u00e0 enregistrer ces personnes, soit une moyenne de 546 personnes \u00e0 enr\u00f4ler par poste. <em>\u00ab\u00a0Un challenge difficile certes au regard du contexte s\u00e9curitaire et des d\u00e9plac\u00e9s internes, mais nullement hors de port\u00e9e si chaque acteur politique et de la soci\u00e9t\u00e9 civile y met du sien\u00a0\u00bb<\/em>, se convainc le pr\u00e9sident de la CENI. Sur le plan s\u00e9curitaire, l\u2019institution, \u00e0 l\u2019entendre, a d\u00fb proc\u00e9der \u00e0 un recentrage avec des zones relativement plus petites et faciles \u00e0 encadrer \u00a0du point de vue s\u00e9curitaire en lieu et place des grandes circonscriptions comme de par le pass\u00e9.\u00a0 La pr\u00e9sence des forces de s\u00e9curit\u00e9 dans ces zones de recadrage, \u00e0 en croire le pr\u00e9sident de la CENI, sera renforc\u00e9e.<\/p>\n<p><strong>Un appel \u00e0 l\u2019implication de tous<\/strong><\/p>\n<p><strong><img loading=\"lazy\" decoding=\"async\" class=\"alignleft size-full wp-image-19071\" src=\"https:\/\/i1.wp.com\/www.sidwaya.info\/wp-content\/uploads\/2020\/02\/04.jpg?resize=696%2C522&#038;ssl=1\" alt=\"\" width=\"696\" height=\"522\" srcset=\"https:\/\/i1.wp.com\/www.sidwaya.info\/wp-content\/uploads\/2020\/02\/04.jpg?w=800&#038;ssl=1 800w, https:\/\/i1.wp.com\/www.sidwaya.info\/wp-content\/uploads\/2020\/02\/04.jpg?resize=300%2C225&#038;ssl=1 300w, https:\/\/i1.wp.com\/www.sidwaya.info\/wp-content\/uploads\/2020\/02\/04.jpg?resize=768%2C576&#038;ssl=1 768w, https:\/\/i1.wp.com\/www.sidwaya.info\/wp-content\/uploads\/2020\/02\/04.jpg?resize=696%2C522&#038;ssl=1 696w, https:\/\/i1.wp.com\/www.sidwaya.info\/wp-content\/uploads\/2020\/02\/04.jpg?resize=560%2C420&#038;ssl=1 560w, https:\/\/i1.wp.com\/www.sidwaya.info\/wp-content\/uploads\/2020\/02\/04.jpg?resize=80%2C60&#038;ssl=1 80w, https:\/\/i1.wp.com\/www.sidwaya.info\/wp-content\/uploads\/2020\/02\/04.jpg?resize=265%2C198&#038;ssl=1 265w\" sizes=\"auto, (max-width: 696px) 100vw, 696px\" data-recalc-dims=\"1\"\/>\u00a0<\/strong>Pour la mobilisation de ce potentiel \u00e9lectorat, M. Barry et ses hommes peuvent compter sur le Conseil national des Organisations de la soci\u00e9t\u00e9 civile qui, par la voix de son repr\u00e9sentant, Charles Marie Sorgho, s\u2019est engag\u00e9 \u00e0 soutenir l\u2019op\u00e9ration. <em>\u00ab\u00a0Le contexte s\u00e9curitaire ne rend pas du tout ais\u00e9 la mobilisation des citoyens, malgr\u00e9 les efforts consentis pour le r\u00e9tablissement de l\u2019ordre. C\u2019est pour cela que le devoir de mobilisation nous incombe \u00e0 tous. Pour notre part, en tant que membre actif de ce processus, nous lan\u00e7ons l\u2019appel \u00e0 l\u2019engagement et la mise en \u0153uvre des actions de conscientisation pour la r\u00e9ussite de la r\u00e9vision du fichier \u00e9lectoral\u00a0\u00bb<\/em>, foi de M. Sorgho. M\u00eame \u00e9lan d\u2019engagement des partis politiques de l\u2019opposition et de la majorit\u00e9 qui ont invit\u00e9 leurs militants et sympathisants \u00e0 se mobiliser massivement pour se faire enr\u00f4ler, afin de pouvoir exercer leur devoir civique, le 22 novembre prochain. Pour le repr\u00e9sentant de l\u2019opposition, Hamadou Diemdoda Dicko, la r\u00e9ussite d\u2019une \u00e9lection d\u00e9mocratique d\u00e9pend de l\u2019\u00e9tat de fiabilit\u00e9 du fichier \u00e9lectoral, condition sin qua non. Estimant que la CENI a emprunt\u00e9 la voie l\u00e9gale, celui-ci a relev\u00e9 des inqui\u00e9tudes de l\u2019opposition relativement \u00e0 l\u2019enr\u00f4lement des compatriotes vivant \u00e0 l\u2019\u00e9tranger. <em>\u00ab\u00a0L\u2019opposition politique s\u2019inqui\u00e8te et s\u2019interroge sur les conditions organisationnelles ayant abouti au r\u00e9sultat d\u2019environ 22\u00a0000 personnes enr\u00f4l\u00e9es \u00e0 l\u2019ext\u00e9rieur. Pourquoi et comment est-on arriv\u00e9 \u00e0 obtenir un tel r\u00e9sultat alors que le potentiel \u00e9lectoral hors de nos fronti\u00e8res serait estim\u00e9 \u00e0 plus de deux millions de personnes\u00a0?\u00a0\u00bb<\/em>, s\u2019est-il interrog\u00e9. L\u2019opposition politique a donc interpel\u00e9 la CENI sur la n\u00e9cessit\u00e9 de reprendre ou de poursuivre l\u2019enr\u00f4lement des compatriotes \u00e0 l\u2019ext\u00e9rieur. Se f\u00e9licitant de l\u2019engagement du gouvernement \u00e0 respecter le calendrier \u00e9lectoral, Y\u00e9nil\u00e9 Kadenza, au nom des partis de la majorit\u00e9 pr\u00e9sidentielle, dit accorder une attention particuli\u00e8re \u00e0 l\u2019op\u00e9ration de r\u00e9vision des listes \u00e9lectorales. Par cons\u00e9quent, il a invit\u00e9 les populations \u00e0 se mobiliser pour l\u2019inscription et \u00e0 r\u00e9server un accueil cordial aux op\u00e9rateurs de kits.<\/p>\n<p><strong>Kam\u00e9l\u00e9 FAYAMA<\/strong><\/p>\n<div class=\"td-a-rec td-a-rec-id-content_bottom tdi_30_653 td_block_template_1\"><img loading=\"lazy\" decoding=\"async\" class=\"aligncenter size-full wp-image-9623\" src=\"https:\/\/www.sidwaya.info\/wp-content\/uploads\/2019\/06\/Projet-bannie%CC%80re-Orange-mobile.jpg\" alt=\"\" width=\"728\" height=\"81\"\/><\/div>\n<p>Auteur: BS. Sidwaya<br \/>\n<a href=\"https:\/\/www.sidwaya.info\/blog\/2020\/02\/11\/revision-du-fichier-electoral-4-500-000-electeurs-attendus\/\">Cliquez ici pour lire l&rsquo;article depuis sa source.<\/a><\/p>\n","protected":false},"excerpt":{"rendered":"<p>La Commission \u00e9lectorale nationale ind\u00e9pendante (CENI) a officiellement lanc\u00e9 la r\u00e9vision des listes \u00e9lectorales biom\u00e9triques 2020, hier lundi 10 f\u00e9vrier \u00e0 D\u00e9dougou dans la Boucle du Mouhoun. La c\u00e9r\u00e9monie a \u00e9t\u00e9 pr\u00e9sid\u00e9e par le Premier ministre, Christophe Joseph Marie Dabir\u00e9. C\u2019est parti pour la r\u00e9vision des listes \u00e9lectorales biom\u00e9triques des Burkinab\u00e8 de l\u2019int\u00e9rieur. La Commission [&hellip;]<\/p>\n","protected":false},"author":1816,"featured_media":0,"comment_status":"closed","ping_status":"closed","sticky":false,"template":"","format":"standard","meta":{"fifu_image_url":"","fifu_image_alt":"","footnotes":""},"categories":[73,81],"tags":[],"class_list":["post-75847","post","type-post","status-publish","format-standard","hentry","category-actualite","category-burkina-faso"],"_links":{"self":[{"href":"https:\/\/linitiative.ca\/International\/wp-json\/wp\/v2\/posts\/75847","targetHints":{"allow":["GET"]}}],"collection":[{"href":"https:\/\/linitiative.ca\/International\/wp-json\/wp\/v2\/posts"}],"about":[{"href":"https:\/\/linitiative.ca\/International\/wp-json\/wp\/v2\/types\/post"}],"author":[{"embeddable":true,"href":"https:\/\/linitiative.ca\/International\/wp-json\/wp\/v2\/users\/1816"}],"replies":[{"embeddable":true,"href":"https:\/\/linitiative.ca\/International\/wp-json\/wp\/v2\/comments?post=75847"}],"version-history":[{"count":0,"href":"https:\/\/linitiative.ca\/International\/wp-json\/wp\/v2\/posts\/75847\/revisions"}],"wp:attachment":[{"href":"https:\/\/linitiative.ca\/International\/wp-json\/wp\/v2\/media?parent=75847"}],"wp:term":[{"taxonomy":"category","embeddable":true,"href":"https:\/\/linitiative.ca\/International\/wp-json\/wp\/v2\/categories?post=75847"},{"taxonomy":"post_tag","embeddable":true,"href":"https:\/\/linitiative.ca\/International\/wp-json\/wp\/v2\/tags?post=75847"}],"curies":[{"name":"wp","href":"https:\/\/api.w.org\/{rel}","templated":true}]}}