{"id":75848,"date":"2020-02-11T07:30:46","date_gmt":"2020-02-11T12:30:46","guid":{"rendered":"https:\/\/linitiative.ca\/International\/guinee-bissau-que-vaut-lultimatum-de-la-cedeao\/"},"modified":"2020-02-11T07:30:46","modified_gmt":"2020-02-11T12:30:46","slug":"guinee-bissau-que-vaut-lultimatum-de-la-cedeao","status":"publish","type":"post","link":"https:\/\/linitiative.ca\/International\/guinee-bissau-que-vaut-lultimatum-de-la-cedeao\/","title":{"rendered":"Guin\u00e9e Bissau\u00a0: que vaut l\u2019ultimatum de la CEDEAO\u00a0?"},"content":{"rendered":"<p>La Communaut\u00e9 \u00e9conomique des Etats de l\u2019Afrique de l\u2019Ouest (CEDEAO) r\u00e9ussira-t-elle a mettre fin \u00e0 la crise politique n\u00e9e de la contestation des r\u00e9sultats du second tour de la pr\u00e9sidentielle de janvier 2020\u00a0 en Guin\u00e9e-Bissau ? R\u00e9unis en marge du sommet de l\u2019Union africaine, le 9 f\u00e9vrier 2020 \u00e0 Addis-Abeba en \u00c9thiopie, les chefs d\u2019Etat des pays membres de la CEDEAO ont donn\u00e9 un ultimatum de six jours aux autorit\u00e9s de Guin\u00e9e-Bissau pour trouver une issue \u00e0 la crise qui n\u2019a que trop dur\u00e9. \u00ab<em>\u00a0Les chefs d\u2019Etat ont longuement examin\u00e9 cette question. Ils ont donc demand\u00e9 \u00e0 ce que la Cour supr\u00eame examine cette question conform\u00e9ment aux dispositions constitutionnelles de la Guin\u00e9e-Bissau et que cela soit fait dans un d\u00e9lai maximum, donc la date fix\u00e9e c\u2019est le 15 f\u00e9vrier 2020. Donc on a donn\u00e9 un d\u00e9lai \u00e0 la Cour supr\u00eame pour vraiment vider cette question<\/em>\u00a0\u00bb, rapporte Jean-Claude Kassi Brou, pr\u00e9sident de la Commission de la CEDEAO. Au lendemain de la publication des r\u00e9sultats d\u00e9finitifs du second tour, le 17 janvier dernier, donnant Umaro Sissoco Embal\u00f3 vainqueur avec 53,55 % des voix, son adversaire, le candidat du parti au pouvoir, le Parti africain pour l\u2019ind\u00e9pendance de la Guin\u00e9e et du Cap-Vert, Domingos Sim\u00f5es Pereira, a refus\u00e9 le verdict des urnes appelant ses militants \u00e0 descendre dans la rue. Depuis lors, l\u2019appareil d\u2019Etat se trouve dans une situation de blocage et n\u2019en pouvant plus face \u00e0 ce \u00ab\u00a0<em>blocus<\/em>\u00a0\u00bb marqu\u00e9 par le tiraillement entre les deux camps dont les positions sont de plus en plus tranch\u00e9es. Alors la CEDEAO veut faire valoir son autorit\u00e9.\u00a0 Il reste maintenant \u00e0 savoir si l\u2019ultimatum sera respect\u00e9e, au regard des profondes divisions qui existent entre le vainqueur et le finaliste malheureux. D\u2019ailleurs, chacun de son c\u00f4t\u00e9 ne cesse de multiplier les voyages pour rechercher d\u2019\u00e9ventuels soutiens dans la sous-r\u00e9gion. Certains observateurs bien avis\u00e9s de la sc\u00e8ne politique bissau-guin\u00e9enne \u00e9mettent de s\u00e9rieux doutes, sur le respect des directives donn\u00e9es par l\u2019organisation ouest-africaine. Ces derniers estiment que la justice bissau-guin\u00e9enne est cens\u00e9e \u00eatre ind\u00e9pendante et ne saurait donc se laisser influenc\u00e9e par une d\u00e9cision venant de l\u2019ext\u00e9rieur fut-elle celle de la CEDEAO. De plus, les chefs d\u2019Etats savent bien qu\u2019ils sont divis\u00e9s sur la question de la Guin\u00e9e-Bissau. Eux qui re\u00e7oivent les protagonistes de la crise dans leurs palais, apportant parfois leurs soutiens \u00e0 l\u2019un ou l\u2019autre des camps puis, une fois dans les fora communautaires, tiennent un autre discours. Initialement, l\u2019UA avait envoy\u00e9 une invitation au pr\u00e9sident \u00e9lu, de la Guin\u00e9e Bissau, Umaro Sissoco Embal\u00f3, mais elle a \u00e9t\u00e9 annul\u00e9e \u00e0 la derni\u00e8re minute \u00e0 cause des divergences de points de vue sur le sujet. Petit pays de\u00a0 36\u00a0120\u00a0km<sup>2<\/sup>, la Guin\u00e9e Bissau connait, depuis l\u2019\u00e9poque de la colonisation, une instabilit\u00e9 chronique rythm\u00e9e par des renversements de pouvoir par la violence. Le ph\u00e9nom\u00e8ne des coups d\u2019Etat colle \u00e0 la peau des acteurs dans ce pays au point qu\u2019aucun pr\u00e9sident n\u2019a pu jusque-l\u00e0 parvenir \u00e0 la fin de son mandat. On est tent\u00e9 de dire que la prise de pouvoir dans le sang semble \u00eatre la voie indiqu\u00e9e pour acc\u00e9der aux affaires dans ce pays. Car, l\u2019\u00e9lection de cette ann\u00e9e, qui devrait permettre au peuple bissau-guin\u00e9en de tourner d\u00e9finitivement cette page sombre de son histoire,\u00a0 n\u2019a pas produit le resultat escompt\u00e9. A analyser la situation de pr\u00e8s,\u00a0 les Etats voisins y sont souvent pour quelque chose. La CEDEAO joue une fois de plus sa cr\u00e9dibilit\u00e9 dans cette crise politique en Guin\u00e9e Bissau, et il lui appartient de peser de tout son poids pour amener les acteurs \u00e0 r\u00e9viser leurs positions par un recours au dialogue inclusif.<\/p>\n<p class=\"c1\"><strong>Beyon Romain NEBIE<\/strong><\/p>\n<p class=\"c1\">nbeyonromain@yahoo.fr<\/p>\n<div class=\"td-a-rec td-a-rec-id-content_bottom tdi_30_2b4 td_block_template_1\"><img loading=\"lazy\" decoding=\"async\" class=\"aligncenter size-full wp-image-9623\" src=\"https:\/\/www.sidwaya.info\/wp-content\/uploads\/2019\/06\/Projet-bannie%CC%80re-Orange-mobile.jpg\" alt=\"\" width=\"728\" height=\"81\"\/><\/div>\n<p>Auteur: BS. Sidwaya<br \/>\n<a href=\"https:\/\/www.sidwaya.info\/blog\/2020\/02\/11\/guinee-bissau-que-vaut-lultimatum-de-la-cedeao\/\">Cliquez ici pour lire l&rsquo;article depuis sa source.<\/a><\/p>\n","protected":false},"excerpt":{"rendered":"<p>La Communaut\u00e9 \u00e9conomique des Etats de l\u2019Afrique de l\u2019Ouest (CEDEAO) r\u00e9ussira-t-elle a mettre fin \u00e0 la crise politique n\u00e9e de la contestation des r\u00e9sultats du second tour de la pr\u00e9sidentielle de janvier 2020\u00a0 en Guin\u00e9e-Bissau ? R\u00e9unis en marge du sommet de l\u2019Union africaine, le 9 f\u00e9vrier 2020 \u00e0 Addis-Abeba en \u00c9thiopie, les chefs d\u2019Etat [&hellip;]<\/p>\n","protected":false},"author":1816,"featured_media":75849,"comment_status":"closed","ping_status":"closed","sticky":false,"template":"","format":"standard","meta":{"fifu_image_url":"","fifu_image_alt":"","footnotes":""},"categories":[73,81],"tags":[],"class_list":["post-75848","post","type-post","status-publish","format-standard","has-post-thumbnail","hentry","category-actualite","category-burkina-faso"],"_links":{"self":[{"href":"https:\/\/linitiative.ca\/International\/wp-json\/wp\/v2\/posts\/75848","targetHints":{"allow":["GET"]}}],"collection":[{"href":"https:\/\/linitiative.ca\/International\/wp-json\/wp\/v2\/posts"}],"about":[{"href":"https:\/\/linitiative.ca\/International\/wp-json\/wp\/v2\/types\/post"}],"author":[{"embeddable":true,"href":"https:\/\/linitiative.ca\/International\/wp-json\/wp\/v2\/users\/1816"}],"replies":[{"embeddable":true,"href":"https:\/\/linitiative.ca\/International\/wp-json\/wp\/v2\/comments?post=75848"}],"version-history":[{"count":0,"href":"https:\/\/linitiative.ca\/International\/wp-json\/wp\/v2\/posts\/75848\/revisions"}],"wp:featuredmedia":[{"embeddable":true,"href":"https:\/\/linitiative.ca\/International\/wp-json\/"}],"wp:attachment":[{"href":"https:\/\/linitiative.ca\/International\/wp-json\/wp\/v2\/media?parent=75848"}],"wp:term":[{"taxonomy":"category","embeddable":true,"href":"https:\/\/linitiative.ca\/International\/wp-json\/wp\/v2\/categories?post=75848"},{"taxonomy":"post_tag","embeddable":true,"href":"https:\/\/linitiative.ca\/International\/wp-json\/wp\/v2\/tags?post=75848"}],"curies":[{"name":"wp","href":"https:\/\/api.w.org\/{rel}","templated":true}]}}