{"id":75853,"date":"2020-02-11T15:18:03","date_gmt":"2020-02-11T20:18:03","guid":{"rendered":"https:\/\/linitiative.ca\/International\/cote-divoire-une-microfinance-annonce-15-milliards-fcfa-pour-financer-les-femmes-en-2020\/"},"modified":"2020-02-11T15:18:03","modified_gmt":"2020-02-11T20:18:03","slug":"cote-divoire-une-microfinance-annonce-15-milliards-fcfa-pour-financer-les-femmes-en-2020","status":"publish","type":"post","link":"https:\/\/linitiative.ca\/International\/cote-divoire-une-microfinance-annonce-15-milliards-fcfa-pour-financer-les-femmes-en-2020\/","title":{"rendered":"C\u00f4te d\u2019Ivoire: une microfinance annonce 15 milliards FCFA pour financer les femmes en 2020"},"content":{"rendered":"<div readability=\"32\">\n<p>Publi\u00e9 le 11.02.2020 \u00e0 21h18 par APA News<\/p>\n<\/div>\n<div readability=\"55\">\n<p>L\u2019institution de microfinance d\u00e9nomm\u00e9e \u00ab Mimoye finance\u00bb d\u00e9di\u00e9e au financement de la gente f\u00e9minine en C\u00f4te d\u2019Ivoire a pour ambition d\u2019injecter plus de 15 milliards FCFA dans les activit\u00e9s dirig\u00e9es par les femmes entrepreneures en cette ann\u00e9e 2020, a annonc\u00e9 mardi \u00e0 Abidjan sa directrice G\u00e9n\u00e9rale Kady Traor\u00e9.\u00ab Pour 2020, nous ambitionnons de doubler notre portefeuille client et de porter notre concours aux femmes, \u00e0 plus de 15 milliards de FCFA \u00bb, a dit mme Traor\u00e9 dans un entretien avec APA en marge d\u2019un panel du s\u00e9minaire de haut niveau sur l\u2019autonomisation des femmes en Afrique qui se d\u00e9roule depuis lundi \u00e0 Abidjan \u00e0 l\u2019initiative du Centre africain de formation et de recherche administrative pour le d\u00e9veloppement (CAFRAD).<\/p>\n<p>Enum\u00e9rant les difficult\u00e9s rencontr\u00e9es par son institution, Mme Traor\u00e9 affirme que bien de femmes initient de beaux projets mais ont du mal \u00e0 les d\u00e9velopper faute de comp\u00e9tences techniques et manag\u00e9riales.<\/p>\n<p>Aussi, a-t-elle soulign\u00e9 \u00ab pour r\u00e9pondre \u00e0 notre vocation d\u2019accompagnement et d\u2019encadrement, nous disposons d\u2019une plateforme de formation o\u00f9 la majorit\u00e9 de nos clientes montent en comp\u00e9tence tant sur la gestion que sur la gouvernance ; de la petite commer\u00e7ante \u00e0 la dirigeante de PME \u00bb.<\/p>\n<p>Filiale du groupe COFINA, Mimoy\u00e9 finance est une institution de micro et m\u00e9so finance qui vise \u00e0 promouvoir l\u2019inclusion financi\u00e8re des femmes et l\u2019entrepreneuriat f\u00e9minin en Afrique. \u00a0<\/p>\n<\/div>\n<p>Auteur: APA News<br \/>\n<a href=\"https:\/\/www.journalducameroun.com\/cote-divoire-une-microfinance-annonce-15-milliards-fcfa-pour-financer-les-femmes-en-2020\/\">Cliquez ici pour lire l&rsquo;article depuis sa source.<\/a><\/p>\n","protected":false},"excerpt":{"rendered":"<p>Publi\u00e9 le 11.02.2020 \u00e0 21h18 par APA News L\u2019institution de microfinance d\u00e9nomm\u00e9e \u00ab Mimoye finance\u00bb d\u00e9di\u00e9e au financement de la gente f\u00e9minine en C\u00f4te d\u2019Ivoire a pour ambition d\u2019injecter plus de 15 milliards FCFA dans les activit\u00e9s dirig\u00e9es par les femmes entrepreneures en cette ann\u00e9e 2020, a annonc\u00e9 mardi \u00e0 Abidjan sa directrice G\u00e9n\u00e9rale Kady [&hellip;]<\/p>\n","protected":false},"author":1965,"featured_media":0,"comment_status":"closed","ping_status":"closed","sticky":false,"template":"","format":"standard","meta":{"fifu_image_url":"","fifu_image_alt":"","footnotes":""},"categories":[73,82],"tags":[],"class_list":["post-75853","post","type-post","status-publish","format-standard","hentry","category-actualite","category-cameroun"],"_links":{"self":[{"href":"https:\/\/linitiative.ca\/International\/wp-json\/wp\/v2\/posts\/75853","targetHints":{"allow":["GET"]}}],"collection":[{"href":"https:\/\/linitiative.ca\/International\/wp-json\/wp\/v2\/posts"}],"about":[{"href":"https:\/\/linitiative.ca\/International\/wp-json\/wp\/v2\/types\/post"}],"author":[{"embeddable":true,"href":"https:\/\/linitiative.ca\/International\/wp-json\/wp\/v2\/users\/1965"}],"replies":[{"embeddable":true,"href":"https:\/\/linitiative.ca\/International\/wp-json\/wp\/v2\/comments?post=75853"}],"version-history":[{"count":0,"href":"https:\/\/linitiative.ca\/International\/wp-json\/wp\/v2\/posts\/75853\/revisions"}],"wp:attachment":[{"href":"https:\/\/linitiative.ca\/International\/wp-json\/wp\/v2\/media?parent=75853"}],"wp:term":[{"taxonomy":"category","embeddable":true,"href":"https:\/\/linitiative.ca\/International\/wp-json\/wp\/v2\/categories?post=75853"},{"taxonomy":"post_tag","embeddable":true,"href":"https:\/\/linitiative.ca\/International\/wp-json\/wp\/v2\/tags?post=75853"}],"curies":[{"name":"wp","href":"https:\/\/api.w.org\/{rel}","templated":true}]}}