{"id":75854,"date":"2020-02-11T15:18:05","date_gmt":"2020-02-11T20:18:05","guid":{"rendered":"https:\/\/linitiative.ca\/International\/un-emissaire-francais-a-nouakchott-pour-discuter-de-la-securite-au-sahel\/"},"modified":"2020-02-11T15:18:05","modified_gmt":"2020-02-11T20:18:05","slug":"un-emissaire-francais-a-nouakchott-pour-discuter-de-la-securite-au-sahel","status":"publish","type":"post","link":"https:\/\/linitiative.ca\/International\/un-emissaire-francais-a-nouakchott-pour-discuter-de-la-securite-au-sahel\/","title":{"rendered":"Un \u00e9missaire fran\u00e7ais \u00e0 Nouakchott pour  discuter de la s\u00e9curit\u00e9 au Sahel"},"content":{"rendered":"<div readability=\"32\">\n<p>Publi\u00e9 le 11.02.2020 \u00e0 21h18 par APA News<\/p>\n<\/div>\n<div readability=\"76\">\n<p>L\u2019envoy\u00e9 sp\u00e9cial fran\u00e7ais pour le Sahel, Christophe Bigot a indiqu\u00e9, mardi \u00e0 Nouakchott, avoir discut\u00e9 de questions li\u00e9es \u00e0 la s\u00e9curit\u00e9 et au d\u00e9veloppement au Sahel avec le pr\u00e9sident mauritanien, Mohamed Ould Cheikh El Ghazouani.M. Bigot qui s\u2019exprimait devant la presse, apr\u00e8s s\u2019\u00eatre entretenu avec El Ghazouani, a pr\u00e9cis\u00e9 que les discussions ont port\u00e9 sur le suivi du sommet de Pau (13 janvier dernier) et l\u2019Assembl\u00e9e g\u00e9n\u00e9rale de l\u2019Alliance Sahel.<\/p>\n<p>Il a soulign\u00e9, concernant le premier point, que la Mauritanie va exercer tr\u00e8s bient\u00f4t la pr\u00e9sidence du G5-Sahel, signalant que \u00ab le sommet de Pau a \u00e9t\u00e9 marqu\u00e9 par une mobilisation fran\u00e7aise, africaine et internationale \u00bb contre le terrorisme.<\/p>\n<p>Pour lui, \u00ab cette mobilisation \u00e9tait n\u00e9cessaire parce que la situation est difficile au Mali, au Niger et au Burkina Faso o\u00f9 des attentats tr\u00e8s graves ont \u00e9t\u00e9 commis et des centaines de milliers de personnes d\u00e9plac\u00e9es \u00bb.<\/p>\n<p>Par rapport au second point, l\u2019\u00e9missaire fran\u00e7ais a rappel\u00e9 que l\u2019Assembl\u00e9e g\u00e9n\u00e9rale de l\u2019Alliance Sahel qui se tient pour la premi\u00e8re fois aura lieu \u00e0 Nouakchott (le 25 f\u00e9vrier courant) sous l\u2019autorit\u00e9 du ministre des Affaires \u00e9trang\u00e8res fran\u00e7ais, Jean-Yves Le Drian.<\/p>\n<p>Il a indiqu\u00e9 que sa tenue en Mauritanie s\u2019explique par le fait que ce pays pr\u00e9side le G5-Sahel et accueille son secr\u00e9tariat permanent.<\/p>\n<p>Selon M. Bigot, il s\u2019agit d\u2019ancrer cette Alliance-Sahel ici en Mauritanie et d\u2019accueillir \u00ab nos amis \u00bb africains et europ\u00e9ens pour ensemble combattre le terrorisme et le combattre aussi sur le terrain du d\u00e9veloppement.<\/p>\n<p>\u00ab Car, a-t-il soulign\u00e9, le terrorisme ne se combat pas seulement les armes \u00e0 la main, on le combat aussi en construisant des h\u00f4pitaux, des routes et en offrant de l\u2019emploi aux jeunes \u00bb.<\/p>\n<\/div>\n<p>Auteur: APA News<br \/>\n<a href=\"https:\/\/www.journalducameroun.com\/un-emissaire-francais-a-nouakchott-pour-discuter-de-la-securite-au-sahel\/\">Cliquez ici pour lire l&rsquo;article depuis sa source.<\/a><\/p>\n","protected":false},"excerpt":{"rendered":"<p>Publi\u00e9 le 11.02.2020 \u00e0 21h18 par APA News L\u2019envoy\u00e9 sp\u00e9cial fran\u00e7ais pour le Sahel, Christophe Bigot a indiqu\u00e9, mardi \u00e0 Nouakchott, avoir discut\u00e9 de questions li\u00e9es \u00e0 la s\u00e9curit\u00e9 et au d\u00e9veloppement au Sahel avec le pr\u00e9sident mauritanien, Mohamed Ould Cheikh El Ghazouani.M. Bigot qui s\u2019exprimait devant la presse, apr\u00e8s s\u2019\u00eatre entretenu avec El Ghazouani, [&hellip;]<\/p>\n","protected":false},"author":1965,"featured_media":0,"comment_status":"closed","ping_status":"closed","sticky":false,"template":"","format":"standard","meta":{"fifu_image_url":"","fifu_image_alt":"","footnotes":""},"categories":[73,82],"tags":[],"class_list":["post-75854","post","type-post","status-publish","format-standard","hentry","category-actualite","category-cameroun"],"_links":{"self":[{"href":"https:\/\/linitiative.ca\/International\/wp-json\/wp\/v2\/posts\/75854","targetHints":{"allow":["GET"]}}],"collection":[{"href":"https:\/\/linitiative.ca\/International\/wp-json\/wp\/v2\/posts"}],"about":[{"href":"https:\/\/linitiative.ca\/International\/wp-json\/wp\/v2\/types\/post"}],"author":[{"embeddable":true,"href":"https:\/\/linitiative.ca\/International\/wp-json\/wp\/v2\/users\/1965"}],"replies":[{"embeddable":true,"href":"https:\/\/linitiative.ca\/International\/wp-json\/wp\/v2\/comments?post=75854"}],"version-history":[{"count":0,"href":"https:\/\/linitiative.ca\/International\/wp-json\/wp\/v2\/posts\/75854\/revisions"}],"wp:attachment":[{"href":"https:\/\/linitiative.ca\/International\/wp-json\/wp\/v2\/media?parent=75854"}],"wp:term":[{"taxonomy":"category","embeddable":true,"href":"https:\/\/linitiative.ca\/International\/wp-json\/wp\/v2\/categories?post=75854"},{"taxonomy":"post_tag","embeddable":true,"href":"https:\/\/linitiative.ca\/International\/wp-json\/wp\/v2\/tags?post=75854"}],"curies":[{"name":"wp","href":"https:\/\/api.w.org\/{rel}","templated":true}]}}