{"id":75855,"date":"2020-02-11T15:50:03","date_gmt":"2020-02-11T20:50:03","guid":{"rendered":"https:\/\/linitiative.ca\/International\/foot-emmanuel-adebayor-sengage-avec-un-club-paraguayen\/"},"modified":"2020-02-11T15:50:03","modified_gmt":"2020-02-11T20:50:03","slug":"foot-emmanuel-adebayor-sengage-avec-un-club-paraguayen","status":"publish","type":"post","link":"https:\/\/linitiative.ca\/International\/foot-emmanuel-adebayor-sengage-avec-un-club-paraguayen\/","title":{"rendered":"Foot: Emmanuel Adebayor s\u2019engage avec un club paraguayen"},"content":{"rendered":"<div readability=\"32\">\n<p>Publi\u00e9 le 11.02.2020 \u00e0 21h50 par AFP<\/p>\n<\/div>\n<div readability=\"88\">\n<p>L\u2019Olimpia, quadruple champion en titre du Paraguay, a annonc\u00e9 mardi la signature de l\u2019attaquant togolais Emmanuel Adebayor, 36 ans, ancien joueur du Real Madrid et de Manchester City, afin qu\u2019il dispute la Copa Libertadores 2020.<\/p>\n<p>\u00ab\u00a0Bonjour \u00e0 tous les fans de l\u2019Olimpia. Merci pour tout. On se voit vendredi\u00a0\u00bb, a dit l\u2019attaquant africain dans un message enregistr\u00e9 par le club. Il jouera aux c\u00f4t\u00e9s de son ex-co\u00e9quipier \u00e0 Manchester City, l\u2019attaquant paraguayen Roque Santacruz, meilleur buteur de la saison 2019 au Paraguay.<\/p>\n<p>Le Club Olimpia, un des clubs de la capitale Asunci\u00f3n, fait partie du groupe G de la Copa Libertdores, au sein duquel il affrontera les Br\u00e9siliens de Santos, le club argentin de Defensa y Justicia et les Equatoriens de Delf\u00edn.<\/p>\n<p>\u00ab\u00a0Adebayor ne vient pas en vacances\u00a0\u00bb, a soulign\u00e9 le pr\u00e9sident de l\u2019Olimpia, Marcos Trovato, apr\u00e8s avoir invit\u00e9 les supporters du club \u00e0 la pr\u00e9sentation de l\u2019attaquant de pointe et des autres recrues r\u00e9centes, dont Derlis Gonz\u00e1lez, ancien attaquant du Dynamo Kiev.<\/p>\n<p>Le Togolais form\u00e9 au FC Metz, finaliste de la Ligue des Champions 2004 avec Monaco, \u00e9tait sans club depuis d\u00e9cembre 2019 et la r\u00e9siliation de son contrat avec le club turc de Kayserispor.<\/p>\n<p>Rodrigo Codas, l\u2019agent de joueurs qui a n\u00e9goci\u00e9 l\u2019arriv\u00e9e d\u2019Adebayor, a assur\u00e9 que le milieu ivoirien Yaya Tour\u00e9 pourrait aussi venir jouer au Paraguay.<\/p>\n<p>\u00ab\u00a0J\u2019ai \u00e9chang\u00e9 avec l\u2019agent de Yaya et il m\u2019a demand\u00e9 de me renseigner sur une \u00e9quipe au Paraguay et au Br\u00e9sil. Il est tr\u00e8s ami avec Adebayor, il pourrait venir\u00a0\u00bb, a affirm\u00e9 Codas au site D10 de Asunci\u00f3n.<\/p>\n<p>Il a pr\u00e9cis\u00e9 que si Yaya Tour\u00e9 devait venir, ce ne serait pas au Club Olimpia. \u00ab\u00a0L\u2019Olimpia ne cherche pas un milieu de terrain et il a d\u00e9j\u00e0 fait un gros efforts pour Emmanuel.\u00a0\u00bb<\/p>\n<p>L\u2019ancien du FC Barcelone et de Manchester City \u00e9volue actuellement au Qinqdao Huangai, en 2e division chinoise.<\/p>\n<\/div>\n<p>Auteur: AFP<br \/>\n<a href=\"https:\/\/www.journalducameroun.com\/foot-emmanuel-adebayor-sengage-avec-un-club-paraguayen\/\">Cliquez ici pour lire l&rsquo;article depuis sa source.<\/a><\/p>\n","protected":false},"excerpt":{"rendered":"<p>Publi\u00e9 le 11.02.2020 \u00e0 21h50 par AFP L\u2019Olimpia, quadruple champion en titre du Paraguay, a annonc\u00e9 mardi la signature de l\u2019attaquant togolais Emmanuel Adebayor, 36 ans, ancien joueur du Real Madrid et de Manchester City, afin qu\u2019il dispute la Copa Libertadores 2020. \u00ab\u00a0Bonjour \u00e0 tous les fans de l\u2019Olimpia. Merci pour tout. On se voit [&hellip;]<\/p>\n","protected":false},"author":1965,"featured_media":0,"comment_status":"closed","ping_status":"closed","sticky":false,"template":"","format":"standard","meta":{"fifu_image_url":"","fifu_image_alt":"","footnotes":""},"categories":[73,82],"tags":[],"class_list":["post-75855","post","type-post","status-publish","format-standard","hentry","category-actualite","category-cameroun"],"_links":{"self":[{"href":"https:\/\/linitiative.ca\/International\/wp-json\/wp\/v2\/posts\/75855","targetHints":{"allow":["GET"]}}],"collection":[{"href":"https:\/\/linitiative.ca\/International\/wp-json\/wp\/v2\/posts"}],"about":[{"href":"https:\/\/linitiative.ca\/International\/wp-json\/wp\/v2\/types\/post"}],"author":[{"embeddable":true,"href":"https:\/\/linitiative.ca\/International\/wp-json\/wp\/v2\/users\/1965"}],"replies":[{"embeddable":true,"href":"https:\/\/linitiative.ca\/International\/wp-json\/wp\/v2\/comments?post=75855"}],"version-history":[{"count":0,"href":"https:\/\/linitiative.ca\/International\/wp-json\/wp\/v2\/posts\/75855\/revisions"}],"wp:attachment":[{"href":"https:\/\/linitiative.ca\/International\/wp-json\/wp\/v2\/media?parent=75855"}],"wp:term":[{"taxonomy":"category","embeddable":true,"href":"https:\/\/linitiative.ca\/International\/wp-json\/wp\/v2\/categories?post=75855"},{"taxonomy":"post_tag","embeddable":true,"href":"https:\/\/linitiative.ca\/International\/wp-json\/wp\/v2\/tags?post=75855"}],"curies":[{"name":"wp","href":"https:\/\/api.w.org\/{rel}","templated":true}]}}