{"id":75856,"date":"2020-02-11T16:18:04","date_gmt":"2020-02-11T21:18:04","guid":{"rendered":"https:\/\/linitiative.ca\/International\/sommet-ua-la-libye-nouvelle-priorite-des-africains\/"},"modified":"2020-02-11T16:18:04","modified_gmt":"2020-02-11T21:18:04","slug":"sommet-ua-la-libye-nouvelle-priorite-des-africains","status":"publish","type":"post","link":"https:\/\/linitiative.ca\/International\/sommet-ua-la-libye-nouvelle-priorite-des-africains\/","title":{"rendered":"Sommet UA: la Libye, nouvelle priorit\u00e9 des Africains"},"content":{"rendered":"<div readability=\"32\">\n<p>Publi\u00e9 le 11.02.2020 \u00e0 22h18 par APA News<\/p>\n<\/div>\n<div readability=\"150\">\n<p>A l\u2019issue du 33e sommet de l\u2019Union Africaine d\u00e9but\u00e9 dimanche 9 et qui s\u2019est achev\u00e9 tard dans la nuit du lundi 10 au mardi 11 f\u00e9vrier \u00e0 Addis-Abeba, en Ethiopie, les chefs d\u2019Etat et de gouvernement du continent ont d\u00e9cid\u00e9 de s\u2019impliquer dans le dossier libyen dont ils ont \u00e9t\u00e9 jusqu\u2019ici exclus. R\u00e9cit.Il y a sept ans, lors du cinquantenaire de la fondation de l\u2019organisation panafricaine, les chefs d\u2019Etat et de gouvernement de l\u2019Union Africaine avaient promis de faire \u00ab taire les armes \u00bb d\u2019ici 2020 sur le continent.<\/p>\n<p>En se retrouvant dimanche 9 f\u00e9vrier \u00e0 Addis-Abeba, en \u00c9thiopie, ils avaient largement eu le temps de constater qu\u2019ils \u00e9taient loin du compte, m\u00eame si quelques petits progr\u00e8s ont \u00e9t\u00e9 enregistr\u00e9s notamment au Soudan et en Centrafrique alors qu\u2019au Cameroun et au Mozambique de nouveaux conflits ont entretemps \u00e9clat\u00e9.<\/p>\n<p>Tout au long de ce sommet qui s\u2019est achev\u00e9 tard dans la nuit du lundi 10 au mardi 11 f\u00e9vrier, les leaders africains se sont employ\u00e9s \u00e0 se montrer d\u00e9cid\u00e9s pour en finir avec les guerres qui d\u00e9chirent le continent.<\/p>\n<p>Embl\u00e9matique de l\u2019impuissance africaine dans la r\u00e9solution des conflits du continent, le cas de la Libye a \u00e9t\u00e9 en t\u00eate des d\u00e9bats lors de ce 33e sommet des chefs d\u2019Etat et de gouvernement.<\/p>\n<p>Dans ce pays nagu\u00e8re un des plus arm\u00e9s du continent, l\u2019intervention militaire occidentale ayant provoqu\u00e9 la chute du colonel Mouammar Kadhafi en 2011 a transform\u00e9 l\u2019ancienne Jamahiriya en un vaste champ de bataille entre diff\u00e9rentes factions dont chacune est soutenue par des puissances ext\u00e9rieures, tout en provoquant la d\u00e9stabilisation des pays voisins, ceux du Sahel notamment.<\/p>\n<p>Dans cette r\u00e9gion du continent, grande comme six fois la France, des groupes djihadistes dont l\u2019essentiel de l\u2019armement a \u00e9t\u00e9 puis\u00e9 dans l\u2019arsenal de l\u2019ancien Guide libyen, font aujourd\u2019hui peser un \u00ab risque d\u2019effondrement \u00bb sur les \u00c9tats de la r\u00e9gion, selon les propres mots du Tchadien Moussa Faki Mahamat, le pr\u00e9sident de la Commission africaine, l\u2019organe ex\u00e9cutif de l\u2019Union.<\/p>\n<p>A en croire les leaders africains, le long silence de l\u2019organisation panafricaine sur un dossier comme celui de la Libye est termin\u00e9. \u00ab La guerre en Libye a \u00e9t\u00e9 d\u00e9cid\u00e9e contre l\u2019avis de notre organisation. L\u2019Union Africaine a tent\u00e9 de trouver une solution qui pouvait emp\u00eacher la guerre en Libye. Mais ceux qui ont d\u00e9clench\u00e9 cette guerre ne nous ont pas entendus. Pis, ils ont tout fait pour nous tenir \u00e0 l\u2019\u00e9cart de ce dossier \u00bb, justifiait, lundi matin, un haut responsable de l\u2019Union.<\/p>\n<p>\u00ab Apr\u00e8s tant d\u2019ann\u00e9es de marginalisation de notre organisation, la communaut\u00e9 internationale se rend compte enfin de son erreur. Et tant mieux \u00bb, confiait-il avant que le Commissaire \u00e0 la paix et la s\u00e9curit\u00e9 de l\u2019Union vienne d\u00e9noncer, en milieu de journ\u00e9e devant la presse, une \u00ab attitude de d\u00e9ni \u00bb qui a trop dur\u00e9.<\/p>\n<p>\u00ab Cela fait plus de huit ans qu\u2019ils sont sur le dossier. Donc d\u00e9nier \u00e0 l\u2019Afrique sa propre participation est inexplicable. Nous avons hauss\u00e9 le ton et signal\u00e9 que cela pouvait mettre \u00e0 rude \u00e9preuve la collaboration que nous avons avec eux \u00bb, a revendiqu\u00e9 l\u2019Alg\u00e9rien Smail Chergui, en allusion \u00e0 la communaut\u00e9 internationale incarn\u00e9e par l\u2019Organisation des Nations Unies (Onu).<\/p>\n<p>Venu la veille assister \u00e0 l\u2019ouverture du sommet, comme cela est de coutume, le patron de l\u2019organisation universelle a d\u2019ailleurs dit comprendre cette indignation des responsables africains. \u00ab Je comprends parfaitement cette frustration, l\u2019Afrique a \u00e9t\u00e9 mise \u00e0 l\u2019\u00e9cart concernant la Libye \u00bb, a- t-il avou\u00e9.<\/p>\n<p>En guise de preuve de leur volont\u00e9 de s\u2019impliquer en Libye, les chefs d\u2019Etat et de gouvernement africains ont annonc\u00e9 plusieurs initiatives dans ce dossier.<\/p>\n<p>Un forum de r\u00e9conciliation nationale r\u00e9unissant les principaux acteurs de la crise libyenne, mais aussi les repr\u00e9sentants de diff\u00e9rentes communaut\u00e9s tribales, ethniques et religieuses doit \u00eatre convoqu\u00e9 prochainement.<\/p>\n<p>Parmi les pays qui pourraient accueillir cette rencontre, figure l\u2019Alg\u00e9rie qui s\u2019est d\u2019ailleurs propos\u00e9e pour cela. Le Maroc qui a d\u00e9j\u00e0 abrit\u00e9 une premi\u00e8re conf\u00e9rence inter-libyenne \u00e0 Skhirat, pr\u00e8s de Rabat, la capitale du Royaume, aurait les faveurs d\u2019un grand nombre de pays membres de l\u2019Union Africaine, de certaines parties libyennes aussi.<\/p>\n<p>Organis\u00e9e en 2015, la rencontre de Skhirat avait d\u00e9bouch\u00e9 sur le seul accord politique jusqu\u2019ici conclu entre les bellig\u00e9rants libyens et sur la base duquel a \u00e9t\u00e9 install\u00e9 \u00e0 Tripoli, la capitale, le gouvernement d\u2019union nationale (GNA) dirig\u00e9 par le premier ministre Fayez al-Sarraj reconnu par la communaut\u00e9 internationale.<\/p>\n<p>Un sommet sp\u00e9cial sur la Libye est aussi programm\u00e9 au mois de mai en Afrique du Sud, dont le pr\u00e9sident, Cyril Ramaphosa a \u00e9t\u00e9 d\u00e9sign\u00e9 par ses pairs comme le nouveau pr\u00e9sident de l\u2019Union pour les douze prochains mois en remplacement de l\u2019Egyptien Abdel Fattah al-Sissi.<\/p>\n<p>Avec les Emirats Arabes Unis et l\u2019Arabie Saoudite, ce dernier est un fervent soutien du mar\u00e9chal Khalifa Haftar, chef de l\u2019arm\u00e9e nationale libyenne (ANL) autoproclam\u00e9e qui conteste le pouvoir du GNA et dont l\u2019offensive lanc\u00e9e en avril dernier a aggrav\u00e9 la situation en Libye.<\/p>\n<\/div>\n<p>Auteur: APA News<br \/>\n<a href=\"https:\/\/www.journalducameroun.com\/sommet-ua-la-libye-nouvelle-priorite-des-africains\/\">Cliquez ici pour lire l&rsquo;article depuis sa source.<\/a><\/p>\n","protected":false},"excerpt":{"rendered":"<p>Publi\u00e9 le 11.02.2020 \u00e0 22h18 par APA News A l\u2019issue du 33e sommet de l\u2019Union Africaine d\u00e9but\u00e9 dimanche 9 et qui s\u2019est achev\u00e9 tard dans la nuit du lundi 10 au mardi 11 f\u00e9vrier \u00e0 Addis-Abeba, en Ethiopie, les chefs d\u2019Etat et de gouvernement du continent ont d\u00e9cid\u00e9 de s\u2019impliquer dans le dossier libyen dont [&hellip;]<\/p>\n","protected":false},"author":1965,"featured_media":0,"comment_status":"closed","ping_status":"closed","sticky":false,"template":"","format":"standard","meta":{"fifu_image_url":"","fifu_image_alt":"","footnotes":""},"categories":[73,82],"tags":[],"class_list":["post-75856","post","type-post","status-publish","format-standard","hentry","category-actualite","category-cameroun"],"_links":{"self":[{"href":"https:\/\/linitiative.ca\/International\/wp-json\/wp\/v2\/posts\/75856","targetHints":{"allow":["GET"]}}],"collection":[{"href":"https:\/\/linitiative.ca\/International\/wp-json\/wp\/v2\/posts"}],"about":[{"href":"https:\/\/linitiative.ca\/International\/wp-json\/wp\/v2\/types\/post"}],"author":[{"embeddable":true,"href":"https:\/\/linitiative.ca\/International\/wp-json\/wp\/v2\/users\/1965"}],"replies":[{"embeddable":true,"href":"https:\/\/linitiative.ca\/International\/wp-json\/wp\/v2\/comments?post=75856"}],"version-history":[{"count":0,"href":"https:\/\/linitiative.ca\/International\/wp-json\/wp\/v2\/posts\/75856\/revisions"}],"wp:attachment":[{"href":"https:\/\/linitiative.ca\/International\/wp-json\/wp\/v2\/media?parent=75856"}],"wp:term":[{"taxonomy":"category","embeddable":true,"href":"https:\/\/linitiative.ca\/International\/wp-json\/wp\/v2\/categories?post=75856"},{"taxonomy":"post_tag","embeddable":true,"href":"https:\/\/linitiative.ca\/International\/wp-json\/wp\/v2\/tags?post=75856"}],"curies":[{"name":"wp","href":"https:\/\/api.w.org\/{rel}","templated":true}]}}