{"id":75857,"date":"2020-02-11T17:50:04","date_gmt":"2020-02-11T22:50:04","guid":{"rendered":"https:\/\/linitiative.ca\/International\/trump-accuse-dingerence-judiciaire-au-profit-dun-ami-proche\/"},"modified":"2020-02-11T17:50:04","modified_gmt":"2020-02-11T22:50:04","slug":"trump-accuse-dingerence-judiciaire-au-profit-dun-ami-proche","status":"publish","type":"post","link":"https:\/\/linitiative.ca\/International\/trump-accuse-dingerence-judiciaire-au-profit-dun-ami-proche\/","title":{"rendered":"Trump accus\u00e9 d\u2019ing\u00e9rence judiciaire au profit d\u2019un ami proche"},"content":{"rendered":"<div readability=\"32\">\n<p>Publi\u00e9 le 11.02.2020 \u00e0 23h50 par AFP<\/p>\n<\/div>\n<div readability=\"156\">\n<p>Donald Trump \u00e9tait accus\u00e9 mardi de bafouer le principe de la s\u00e9paration des pouvoirs, apr\u00e8s la r\u00e9v\u00e9lation d\u2019une intervention exceptionnelle du minist\u00e8re de la Justice pour adoucir une peine de prison requise contre Roger Stone, un de ses amis de longue date.<\/p>\n<p>Cette interf\u00e9rence dans ce dossier des plus hautes autorit\u00e9s du minist\u00e8re a fait souffler un vent de fronde chez trois des quatre procureurs qui instruisaient l\u2019affaire, qui ont annonc\u00e9 de fa\u00e7on fracassante s\u2019en retirer.<\/p>\n<p>M. Stone \u00e9t\u00e9 reconnu coupable en novembre de mensonges au Congr\u00e8s dans le cadre de l\u2019enqu\u00eate sur l\u2019ing\u00e9rence russe dans l\u2019\u00e9lection am\u00e9ricaine de 2016. Sa peine doit \u00eatre annonc\u00e9 le 20 f\u00e9vrier par un juge f\u00e9d\u00e9ral, apr\u00e8s avis consultatif des procureurs.<\/p>\n<p>Lundi, dans leurs recommandations de peine, ces derniers ont sugg\u00e9r\u00e9 une sentence de 7 et 9 ans de prison contre M. Stone, consultant politique de 67 ans et fid\u00e8le du pr\u00e9sident r\u00e9publicain.<\/p>\n<p>Mais, dans la nuit de lundi \u00e0 mardi, Donald Trump a r\u00e9agi en d\u00e9non\u00e7ant dans un tweet une \u00ab\u00a0situation tr\u00e8s injuste\u00a0\u00bb et une \u00ab\u00a0erreur judiciaire\u00a0\u00bb.<\/p>\n<p>Sans que le lien de cause \u00e0 effet ne soit clairement \u00e9tabli, le procureur Aaron Zelinsky, un des membres de l\u2019\u00e9quipe du procureur sp\u00e9cial Robert Mueller, qui a instruit l\u2019enqu\u00eate russe, a signifi\u00e9 mardi son retrait de l\u2019affaire Stone dans une motion transmise au juge.<\/p>\n<p>Il n\u2019en a pas pr\u00e9cis\u00e9 la raison.<\/p>\n<p>Juste apr\u00e8s, un autre procureur d\u00e9savou\u00e9, Jonathan Kravis, a \u00e9galement fait savoir au magistrat qu\u2019il d\u00e9missionnait de son poste et ne pouvait donc plus \u00ab\u00a0repr\u00e9senter le gouvernement dans cette affaire\u00a0\u00bb.<\/p>\n<p>Un troisi\u00e8me procureur, Adam Jed, a \u00e9galement fait savoir qu\u2019il se retirait de l\u2019affaire.<\/p>\n<p>Suspect\u00e9 d\u2019avoir fait pression sur des procureurs cens\u00e9s \u00eatre ind\u00e9pendants, Donald Trump a ni\u00e9 toute intervention. \u00ab\u00a0Je ne leur ai pas parl\u00e9\u00a0\u00bb, a-t-il r\u00e9agi depuis le Bureau ovale, ajoutant qu\u2019il n\u2019avait \u00ab\u00a0pas du tout \u00e9t\u00e9 impliqu\u00e9\u00a0\u00bb.<\/p>\n<p>Mais les recommandations \u00e9taient \u00ab\u00a0ridicules\u00a0\u00bb, \u00ab\u00a0honteuses\u00a0\u00bb et \u00ab\u00a0une insulte \u00e0 notre pays\u00a0\u00bb, a-t-il martel\u00e9.<\/p>\n<p>\u2013 \u00ab\u00a0Abus de pouvoir\u00a0\u00bb \u2013<\/p>\n<p>L\u2019opposition d\u00e9mocrate a imm\u00e9diatement d\u00e9nonc\u00e9 une interf\u00e9rence politique dans ce dossier judiciaire et a m\u00eame \u00e9voqu\u00e9 un possible \u00ab\u00a0abus de pouvoir\u00a0\u00bb.<\/p>\n<p>Confirmation d\u2019ordres venus d\u2019en haut, le minist\u00e8re de la Justice a demand\u00e9 dans l\u2019apr\u00e8s-midi de mardi une peine \u00ab\u00a0bien moindre\u00a0\u00bb contre M. Stone, au pr\u00e9texte que les recommandations initiales \u00ab\u00a0ne seraient pas adapt\u00e9es ou ne serviraient pas les int\u00e9r\u00eats de la justice\u00a0\u00bb.<\/p>\n<p>Dans ce document, \u00ab\u00a0des recommandations de peine amend\u00e9es et suppl\u00e9mentaires du gouvernement\u00a0\u00bb, le minist\u00e8re cite l\u2019exemple d\u2019une peine compris entre 3 et 4 ans, \u00ab\u00a0de 37 \u00e0 46 mois\u00a0\u00bb, une dur\u00e9e selon lui \u00ab\u00a0plus adapt\u00e9e aux peines typiquement impos\u00e9es dans les affaires d\u2019obstruction\u00a0\u00bb.<\/p>\n<p>\u00ab\u00a0Le minist\u00e8re de la Justice et le ministre Bill Barr sont pr\u00eats \u00e0 passer outre l\u2019avis de procureurs de carri\u00e8re (\u2026) apr\u00e8s un tweet de minuit du pr\u00e9sident attaquant la dur\u00e9e de peine propos\u00e9e\u00a0\u00bb, a r\u00e9agi dans un communiqu\u00e9 Adam Schiff, l\u2019\u00e9lu d\u00e9mocrate qui menait l\u2019\u00e9quipe des procureurs lors du proc\u00e8s en destitution du pr\u00e9sident Trump au S\u00e9nat.<\/p>\n<p>Le minist\u00e8re de la Justice a pourtant affirm\u00e9 que cette d\u00e9cision avait \u00e9t\u00e9 prise avant le tweet de Donald Trump.<\/p>\n<p>Le pr\u00e9sident am\u00e9ricain a d\u00e9j\u00e0 \u00e9t\u00e9 accus\u00e9 d\u2019entrave \u00e0 la justice, dans le cadre de l\u2019enqu\u00eate russe, notamment en limogeant au d\u00e9but de son mandat le directeur du FBI James Comey, qui enqu\u00eatait sur les ing\u00e9rences \u00e9trang\u00e8res dans l\u2019\u00e9lection de 2016.<\/p>\n<p>Et si apr\u00e8s 22 mois d\u2019enqu\u00eate, Robert Mueller a d\u00e9clar\u00e9 ne pas avoir trouv\u00e9 de preuve d\u2019une collusion entre Moscou et l\u2019\u00e9quipe de campagne de Donald Trump en 2016, il n\u2019a pour autant pas disculp\u00e9 le milliardaire r\u00e9publicain des soup\u00e7ons d\u2019entrave \u00e0 la justice.<\/p>\n<p>Dans le cadre de cette affaire, le pr\u00e9sident a aussi limog\u00e9 son ministre de la Justice de l\u2019\u00e9poque, Jeff Sessions, en lui reprochant de ne pas assez le prot\u00e9ger.<\/p>\n<p>La nomination du ministre actuel, Bill Barr, avait \u00e9t\u00e9 per\u00e7ue comme la volont\u00e9 par Donald Trump de mettre \u00e0 la t\u00eate de la Justice quelqu\u2019un qui lui serait loyal.<\/p>\n<p>Roger Stone est parmi les six membres de l\u2019entourage, plus ou moins proche, du pr\u00e9sident \u00e0 avoir \u00e9t\u00e9 inculp\u00e9s ou condamn\u00e9s dans le sillage de l\u2019enqu\u00eate russe.<\/p>\n<p>\u00ab\u00a0Il y eu tellement de choses ces derni\u00e8res ann\u00e9es qui ont d\u00e9truit le concept d\u2019ind\u00e9pendance de la Justice et de l\u2019Etat de droit\u00a0\u00bb, a regrett\u00e9 sur Twitter mardi l\u2019ancien conseiller de Barack Obama, David Axelrod. \u00ab\u00a0Ceci dit, celle-l\u00e0 est extraordinaire\u00a0\u00bb.<\/p>\n<\/div>\n<p>Auteur: AFP<br \/>\n<a href=\"https:\/\/www.journalducameroun.com\/trump-accuse-dingerence-judiciaire-au-profit-dun-ami-proche\/\">Cliquez ici pour lire l&rsquo;article depuis sa source.<\/a><\/p>\n","protected":false},"excerpt":{"rendered":"<p>Publi\u00e9 le 11.02.2020 \u00e0 23h50 par AFP Donald Trump \u00e9tait accus\u00e9 mardi de bafouer le principe de la s\u00e9paration des pouvoirs, apr\u00e8s la r\u00e9v\u00e9lation d\u2019une intervention exceptionnelle du minist\u00e8re de la Justice pour adoucir une peine de prison requise contre Roger Stone, un de ses amis de longue date. Cette interf\u00e9rence dans ce dossier des [&hellip;]<\/p>\n","protected":false},"author":1965,"featured_media":0,"comment_status":"closed","ping_status":"closed","sticky":false,"template":"","format":"standard","meta":{"fifu_image_url":"","fifu_image_alt":"","footnotes":""},"categories":[73,82],"tags":[],"class_list":["post-75857","post","type-post","status-publish","format-standard","hentry","category-actualite","category-cameroun"],"_links":{"self":[{"href":"https:\/\/linitiative.ca\/International\/wp-json\/wp\/v2\/posts\/75857","targetHints":{"allow":["GET"]}}],"collection":[{"href":"https:\/\/linitiative.ca\/International\/wp-json\/wp\/v2\/posts"}],"about":[{"href":"https:\/\/linitiative.ca\/International\/wp-json\/wp\/v2\/types\/post"}],"author":[{"embeddable":true,"href":"https:\/\/linitiative.ca\/International\/wp-json\/wp\/v2\/users\/1965"}],"replies":[{"embeddable":true,"href":"https:\/\/linitiative.ca\/International\/wp-json\/wp\/v2\/comments?post=75857"}],"version-history":[{"count":0,"href":"https:\/\/linitiative.ca\/International\/wp-json\/wp\/v2\/posts\/75857\/revisions"}],"wp:attachment":[{"href":"https:\/\/linitiative.ca\/International\/wp-json\/wp\/v2\/media?parent=75857"}],"wp:term":[{"taxonomy":"category","embeddable":true,"href":"https:\/\/linitiative.ca\/International\/wp-json\/wp\/v2\/categories?post=75857"},{"taxonomy":"post_tag","embeddable":true,"href":"https:\/\/linitiative.ca\/International\/wp-json\/wp\/v2\/tags?post=75857"}],"curies":[{"name":"wp","href":"https:\/\/api.w.org\/{rel}","templated":true}]}}