{"id":75859,"date":"2020-02-11T07:40:29","date_gmt":"2020-02-11T12:40:29","guid":{"rendered":"https:\/\/linitiative.ca\/International\/camair-co-peut-a-nouveau-survoler-le-ciel-europeen\/"},"modified":"2020-02-11T07:40:29","modified_gmt":"2020-02-11T12:40:29","slug":"camair-co-peut-a-nouveau-survoler-le-ciel-europeen","status":"publish","type":"post","link":"https:\/\/linitiative.ca\/International\/camair-co-peut-a-nouveau-survoler-le-ciel-europeen\/","title":{"rendered":"Camair-Co peut \u00e0 nouveau survoler le ciel europ\u00e9en"},"content":{"rendered":"<div class=\"featured-area featured-area-inner\" readability=\"7\"><img loading=\"lazy\" decoding=\"async\" width=\"600\" height=\"391\" src=\"https:\/\/i1.wp.com\/ecomatin.net\/wp-content\/uploads\/2019\/12\/MA60-Camair-Co.jpg?resize=600%2C391&#038;ssl=1&#038;is-pending-load=1\" class=\"attachment-jannah-image-post size-jannah-image-post wp-post-image jetpack-lazy-image\" alt=\"\" data-lazy-srcset=\"https:\/\/i1.wp.com\/ecomatin.net\/wp-content\/uploads\/2019\/12\/MA60-Camair-Co.jpg?w=600&#038;ssl=1 600w, https:\/\/i1.wp.com\/ecomatin.net\/wp-content\/uploads\/2019\/12\/MA60-Camair-Co.jpg?resize=300%2C196&#038;ssl=1 300w\" data-lazy-sizes=\"(max-width: 600px) 100vw, 600px\" srcset=\"data:image\/gif;base64,R0lGODlhAQABAIAAAAAAAP\/\/\/yH5BAEAAAAALAAAAAABAAEAAAIBRAA7\"\/> De nouveau l&rsquo;autorisation de survoler le ciel europ\u00e9en<\/div>\n<div class=\"entry-content entry clearfix\" readability=\"60.550589391\">\n<p>Des bons points pour \u00ab l\u2019Etoile du Cameroun \u00bb. La Cameroon Airlines Corporation (Camair-Co) vient de se voir sortir de la liste des compagnies a\u00e9riennes jug\u00e9es dangereuses et ne devant pas survoler l\u2019espace de l\u2019Union europ\u00e9enne. Elle a donc \u00e9t\u00e9 ray\u00e9e de cette liste qui a \u00e9t\u00e9 actualis\u00e9e le 9 d\u00e9cembre 2019, par l\u2019Organisation de l\u2019Aviation Civile Internationale (OACI). Par cons\u00e9quent, les a\u00e9ronefs de la compagnie nationale du transport a\u00e9rien du Cameroun peuvent \u00e0 nouveau survoler le ciel europ\u00e9en.<\/p>\n<p>En effet, c\u2019est depuis 2006 que la liste des transporteurs a\u00e9riens interdits d\u2019exploitation en Europe est \u00e9tablie. Elle est actualis\u00e9e deux fois par an, par le comit\u00e9 de la s\u00e9curit\u00e9 a\u00e9rienne de l\u2019Union europ\u00e9enne. Le but est d\u2019inciter les compagnies dont les normes sont jug\u00e9es trop faibles \u00e0 revoir leurs exigences. Camair-co doit donc profiter de cette prouesse pour se repositionner sur le march\u00e9 europ\u00e9en. Mais, pour cela, il reste \u00e0 r\u00e9soudre l\u2019\u00e9pineux probl\u00e8me d\u2019indisponibilit\u00e9 d\u2019a\u00e9ronefs pour pouvoir desservir la destination europ\u00e9enne. Une \u00e9quation pas du facile pour la compagnie a\u00e9rienne nationale emp\u00eatr\u00e9e dans les difficult\u00e9s financi\u00e8res et qui ne survit que gr\u00e2ce aux subventions de l\u2019Etat.<\/p>\n<p><strong>Ce n\u2019est pas le cas pour la R\u00e9publique D\u00e9mocratique du Congo (RDC)<\/strong><\/p>\n<p>Dans la sous-r\u00e9gion Afrique centrale, plusieurs compagnies a\u00e9riennes n\u2019ont pas connu le m\u00eame sort que Camair-Co. Si le Gabon, lui aussi sort de cette liste noire des compagnies a\u00e9riennes qui ne respectent pas les normes, ce n\u2019est pas le cas pour la R\u00e9publique D\u00e9mocratique du Congo (RDC) qui tr\u00f4ne \u00e0 la t\u00eate de ce classement. 21 compagnies a\u00e9riennes de ce pays ne doivent plus survoler le ciel europ\u00e9en. En Guin\u00e9e \u00e9quatoriale, Ceiba International et Cronos Airlines, sont, de l\u2019avis de l\u2019OACI et des Nations Unies, des compagnies a\u00e9riennes \u00e0 \u00e9viter, si l\u2019on veut relier deux villes d\u2019Afrique par voie a\u00e9rienne.<\/p>\n<div class=\"sharedaddy sd-sharing-enabled robots-nocontent sd-block sd-social sd-social-icon-text sd-sharing\">\n<h3 class=\"sd-title\">Partager\u00a0:<\/h3>\n<\/div>\n<p><h3 class=\"jp-relatedposts-headline\"><em>Articles similaires<\/em><\/h3>\n<\/p>\n<\/div>\n<div class=\"toggle-post-content clearfix\"><a id=\"toggle-post-button\" class=\"button\" href=\"#\">Afficher plus <\/a><\/div>\n<p>Auteur: Joel Abissek<br \/>\n<a href=\"https:\/\/ecomatin.net\/camair-co-peut-a-nouveau-survoler-le-ciel-europeen\/\">Cliquez ici pour lire l&rsquo;article depuis sa source.<\/a><\/p>\n","protected":false},"excerpt":{"rendered":"<p>De nouveau l&rsquo;autorisation de survoler le ciel europ\u00e9en Des bons points pour \u00ab l\u2019Etoile du Cameroun \u00bb. La Cameroon Airlines Corporation (Camair-Co) vient de se voir sortir de la liste des compagnies a\u00e9riennes jug\u00e9es dangereuses et ne devant pas survoler l\u2019espace de l\u2019Union europ\u00e9enne. Elle a donc \u00e9t\u00e9 ray\u00e9e de cette liste qui a \u00e9t\u00e9 [&hellip;]<\/p>\n","protected":false},"author":1969,"featured_media":0,"comment_status":"closed","ping_status":"closed","sticky":false,"template":"","format":"standard","meta":{"fifu_image_url":"","fifu_image_alt":"","footnotes":""},"categories":[82,78],"tags":[],"class_list":["post-75859","post","type-post","status-publish","format-standard","hentry","category-cameroun","category-economie"],"_links":{"self":[{"href":"https:\/\/linitiative.ca\/International\/wp-json\/wp\/v2\/posts\/75859","targetHints":{"allow":["GET"]}}],"collection":[{"href":"https:\/\/linitiative.ca\/International\/wp-json\/wp\/v2\/posts"}],"about":[{"href":"https:\/\/linitiative.ca\/International\/wp-json\/wp\/v2\/types\/post"}],"author":[{"embeddable":true,"href":"https:\/\/linitiative.ca\/International\/wp-json\/wp\/v2\/users\/1969"}],"replies":[{"embeddable":true,"href":"https:\/\/linitiative.ca\/International\/wp-json\/wp\/v2\/comments?post=75859"}],"version-history":[{"count":0,"href":"https:\/\/linitiative.ca\/International\/wp-json\/wp\/v2\/posts\/75859\/revisions"}],"wp:attachment":[{"href":"https:\/\/linitiative.ca\/International\/wp-json\/wp\/v2\/media?parent=75859"}],"wp:term":[{"taxonomy":"category","embeddable":true,"href":"https:\/\/linitiative.ca\/International\/wp-json\/wp\/v2\/categories?post=75859"},{"taxonomy":"post_tag","embeddable":true,"href":"https:\/\/linitiative.ca\/International\/wp-json\/wp\/v2\/tags?post=75859"}],"curies":[{"name":"wp","href":"https:\/\/api.w.org\/{rel}","templated":true}]}}