{"id":75860,"date":"2020-02-11T08:15:26","date_gmt":"2020-02-11T13:15:26","guid":{"rendered":"https:\/\/linitiative.ca\/International\/lextreme-nord-vit-dans-lextreme-pauvrete\/"},"modified":"2020-02-11T08:15:26","modified_gmt":"2020-02-11T13:15:26","slug":"lextreme-nord-vit-dans-lextreme-pauvrete","status":"publish","type":"post","link":"https:\/\/linitiative.ca\/International\/lextreme-nord-vit-dans-lextreme-pauvrete\/","title":{"rendered":"L\u2019Extr\u00eame-Nord vit dans l\u2019extr\u00eame pauvret\u00e9"},"content":{"rendered":"<p>Croissance inclusive, in\u00e9galit\u00e9s et exclusions. En consacrant leur \u00e9dition 2019 du Rapport national sur le d\u00e9veloppement humain \u00e0 ces trois th\u00e9matiques, le minist\u00e8re en charge de l\u2019Economie et le bureau national du Programme des Nations unies pour le D\u00e9veloppement (Pnud) ont sans doute voulu marquer les esprits ou, \u00e0 tout le moins, mobiliser l\u2019attention publique sur les menaces que ferait planer une croissance non inclusive sur le Cameroun. \u00ab La probl\u00e9matique de l\u2019inclusion est d\u2019autant plus d\u2019actualit\u00e9 que les crises sociopolitiques que traverse le pays ces derni\u00e8res ann\u00e9es semblent cristalliser l\u2019expression du sentiment d\u2019in\u00e9galit\u00e9 et d\u2019exclusion de certaines cat\u00e9gories sociales \u00bb, \u00e9crivent les pr\u00e9faciers de ce rapport.<\/p>\n<p>Le document rappelle que sur la d\u00e9cennie 2010-2020, la croissance du Cameroun, bien qu\u2019en de\u00e7\u00e0 des objectifs fix\u00e9s par le gouvernement, est rest\u00e9e soutenue sur toute la d\u00e9cennie et s\u2019est m\u00eame montr\u00e9e r\u00e9siliente face aux revers que lui a impos\u00e9 la chute des cours mondiaux des mati\u00e8res premi\u00e8res, en se maintenant au-dessus de 3,5% durant les cinq derni\u00e8res ann\u00e9es.<\/p>\n<p>Le probl\u00e8me, constate le rapport, est que cette \u00ab croissance remarquable ne se refl\u00e8te pas en termes de d\u00e9veloppement humain et la majorit\u00e9 de la population camerounaise n\u2019en tire pas pleinement profits \u00bb.<\/p>\n<p><strong>Mesurer et illustrer les pauvret\u00e9s, les in\u00e9galit\u00e9s et les exclusions au Cameroun<\/strong><\/p>\n<p>Le rapport national 2019 sur le d\u00e9veloppement humain a donc eu pour assignation fonctionnelle de \u00ab relever les contraintes de l\u2019inad\u00e9quation entre la croissance \u00e9conomique et les in\u00e9galit\u00e9s sociales observ\u00e9es durant la premi\u00e8re phase de la Vision (2035) et d\u2019en tirer les le\u00e7ons pour proposer des mesures de politiques efficaces pour une croissance plus vigoureuse et inclusive \u00bb.<\/p>\n<p>Ce rapport s\u2019att\u00e8le par exemple \u00e0 mesurer et \u00e0 illustrer les pauvret\u00e9s, les in\u00e9galit\u00e9s et les exclusions au Cameroun, et \u00e0 examiner le lien qu\u2019elles entretiennent avec le profil actuel de la croissance. Dans cette perspective, le rapport note qu\u2019il y a comme une distribution spatiale de la pauvret\u00e9, notamment dans son acception multidimensionnelle. Au classement des r\u00e9gions les plus affect\u00e9e par la pauvret\u00e9 multidimensionnelle (classement issu d\u2019une enqu\u00eate portant l\u2019Indice de D\u00e9veloppement Humain (IDH) rendue publique en 2018), la r\u00e9gion de l\u2019Extr\u00eame-Nord arrive en t\u00eate. 61% de la population de cette r\u00e9gion qui abrite 21% de la population nationale vivrait, selon le Pnud, dans une situation d\u2019\u00ab extr\u00eame pauvret\u00e9 \u00bb. La r\u00e9gion du Nord (11,3% de la population nationale) vient en deuxi\u00e8me position, avec 56% de sa population vivant dans l\u2019extr\u00eame pauvret\u00e9.<\/p>\n<p>Pour y rem\u00e9dier et parvenir \u00e0 une croissance plus inclusive, le rapport sugg\u00e8re trois pistes \u00e0 explorer : l\u2019agriculture (qui emploie une personne sur deux), la protection sociale et la d\u00e9centralisation.<\/p>\n<div class=\"sharedaddy sd-sharing-enabled robots-nocontent sd-block sd-social sd-social-icon-text sd-sharing\">\n<h3 class=\"sd-title\">Partager\u00a0:<\/h3>\n<\/div>\n<p><h3 class=\"jp-relatedposts-headline\"><em>Articles similaires<\/em><\/h3>\n<\/p>\n<p>Auteur: Joel Abissek<br \/>\n<a href=\"https:\/\/ecomatin.net\/lextreme-nord-vit-dans-lextreme-pauvrete\/\">Cliquez ici pour lire l&rsquo;article depuis sa source.<\/a><\/p>\n","protected":false},"excerpt":{"rendered":"<p>Croissance inclusive, in\u00e9galit\u00e9s et exclusions. En consacrant leur \u00e9dition 2019 du Rapport national sur le d\u00e9veloppement humain \u00e0 ces trois th\u00e9matiques, le minist\u00e8re en charge de l\u2019Economie et le bureau national du Programme des Nations unies pour le D\u00e9veloppement (Pnud) ont sans doute voulu marquer les esprits ou, \u00e0 tout le moins, mobiliser l\u2019attention publique [&hellip;]<\/p>\n","protected":false},"author":1969,"featured_media":0,"comment_status":"closed","ping_status":"closed","sticky":false,"template":"","format":"standard","meta":{"fifu_image_url":"","fifu_image_alt":"","footnotes":""},"categories":[82,78],"tags":[],"class_list":["post-75860","post","type-post","status-publish","format-standard","hentry","category-cameroun","category-economie"],"_links":{"self":[{"href":"https:\/\/linitiative.ca\/International\/wp-json\/wp\/v2\/posts\/75860","targetHints":{"allow":["GET"]}}],"collection":[{"href":"https:\/\/linitiative.ca\/International\/wp-json\/wp\/v2\/posts"}],"about":[{"href":"https:\/\/linitiative.ca\/International\/wp-json\/wp\/v2\/types\/post"}],"author":[{"embeddable":true,"href":"https:\/\/linitiative.ca\/International\/wp-json\/wp\/v2\/users\/1969"}],"replies":[{"embeddable":true,"href":"https:\/\/linitiative.ca\/International\/wp-json\/wp\/v2\/comments?post=75860"}],"version-history":[{"count":0,"href":"https:\/\/linitiative.ca\/International\/wp-json\/wp\/v2\/posts\/75860\/revisions"}],"wp:attachment":[{"href":"https:\/\/linitiative.ca\/International\/wp-json\/wp\/v2\/media?parent=75860"}],"wp:term":[{"taxonomy":"category","embeddable":true,"href":"https:\/\/linitiative.ca\/International\/wp-json\/wp\/v2\/categories?post=75860"},{"taxonomy":"post_tag","embeddable":true,"href":"https:\/\/linitiative.ca\/International\/wp-json\/wp\/v2\/tags?post=75860"}],"curies":[{"name":"wp","href":"https:\/\/api.w.org\/{rel}","templated":true}]}}