{"id":75861,"date":"2020-02-11T08:40:23","date_gmt":"2020-02-11T13:40:23","guid":{"rendered":"https:\/\/linitiative.ca\/International\/le-cameroun-peut-il-tenir-les-delais-de-la-caf\/"},"modified":"2020-02-11T08:40:23","modified_gmt":"2020-02-11T13:40:23","slug":"le-cameroun-peut-il-tenir-les-delais-de-la-caf","status":"publish","type":"post","link":"https:\/\/linitiative.ca\/International\/le-cameroun-peut-il-tenir-les-delais-de-la-caf\/","title":{"rendered":"Le Cameroun peut-il tenir les d\u00e9lais de la CAF ?"},"content":{"rendered":"<p>Le Comit\u00e9 local d\u2019organisation de la CAN a six mois pour achever les infrastructures. Le pr\u00e9sident de la Conf\u00e9d\u00e9ration africaine de football (CAF) a achev\u00e9 une visite de travail au Cameroun du 13 au 15 janvier 2020. Cette visite d\u2019Ahmad Ahmad relance l\u2019interrogation autour de la capacit\u00e9 du Cameroun \u00e0 abriter la CAN 2021. Les discussions avec le pr\u00e9sident de la CAF et les autorit\u00e9s camerounaises du football ont port\u00e9 sur la question des infrastructures, de la s\u00e9curit\u00e9 et de la date \u00e0 laquelle se jouera la CAN. A propos de ce dernier point, il a \u00e9t\u00e9 retenu que la comp\u00e9tition se jouera du 9 janvier au 6 f\u00e9vrier 2021. Ce changement devant encore \u00eatre valid\u00e9 lors de la prochaine r\u00e9union du Comit\u00e9 ex\u00e9cutif de la CAF.<\/p>\n<p><strong>Le flou persiste encore<\/strong><\/p>\n<p>Sur la question li\u00e9e aux d\u00e9lais de livraison des infrastructures sportives, le flou persiste encore. Plusieurs des infrastructures, qui devaient \u00eatre termin\u00e9es pour mars 2019, ne le sont toujours pas. Le cas du Stade Paul Biya \u00e0 Olemb\u00e9 (60 000 places) en banlieue de Yaound\u00e9 inqui\u00e8te en premi\u00e8re ligne. C\u2019est dans cette enceinte qu\u2019est pr\u00e9vue la c\u00e9r\u00e9monie d\u2019ouverture et la finale. L\u2019entreprise canadienne Magil Construction est d\u00e9sormais responsable de la finition des chantiers du Complexe sportif d\u2019Olembe suite \u00e0 la r\u00e9siliation du contrat du groupe italien Piccini. Les autorit\u00e9s camerounaises ont donn\u00e9 cinq mois pour livrer le stade en bonne et due forme.<\/p>\n<p>Routes, h\u00f4tels, h\u00f4pitaux, etc\u2026<\/p>\n<p>A cet ouvrage, il faut ajouter la longue liste des infrastructures sanitaires et h\u00f4teli\u00e8res, non encore fonctionnelles, qui interroge tout observateur. Si du c\u00f4t\u00e9 des entreprises adjudicataires et des autorit\u00e9s publiques, on annonce constamment des avanc\u00e9es de travaux qui fr\u00f4lent les 95%, ces pourcentages ne traduisent pas la r\u00e9alit\u00e9 du terrain puisque les voies d\u2019acc\u00e8s, les feux de circulation, la signalisation routi\u00e8re, les am\u00e9nagements paysagers ne sont pas compl\u00e9t\u00e9s.<\/p>\n<p><strong>Les nouveaux stades de Garoua, de Bafoussam, de Yaound\u00e9 et de Douala ne seront pas pr\u00eats dans les mois prochains<\/strong><\/p>\n<p>Ahmad Ahmad, au cours de sa visite, s\u2019est montr\u00e9 optimiste sur la question. \u00ab Je suis aujourd\u2019hui convaincu que le peuple camerounais vivra cette Coupe d\u2019Afrique dans une ferveur exceptionnelle parce que la passion du football qui existe ici dans ce pays est unique et inimitable. La CAF a mesur\u00e9 cette dimension dans le travail de pr\u00e9paration et \u00e9valu\u00e9 \u00e0 leur juste valeur les avancements significatifs sur les divers chantiers de la CAN 2021. Je peux vous dire que la tendance est \u00e0 l\u2019optimisme \u00bb, a-t-il d\u00e9clar\u00e9.<\/p>\n<p>En revanche, pour Alphonse Joseph Ondobo, entra\u00eeneur de football, les nouveaux stades de Garoua, de Bafoussam, de Yaound\u00e9 et de Douala ne seront pas pr\u00eats dans les mois prochains. Et c\u2019est un gros risque de pr\u00e9voir y jouer aussi le CHAN 2020 dans deux mois et demi. \u00ab Ces diff\u00e9rents stades auxquels vous faites allusion, les plus r\u00e9cents n\u2019ont pas \u00e9t\u00e9 livr\u00e9s. Comme ils n\u2019ont jamais \u00e9t\u00e9 livr\u00e9s, \u00e7a veut dire qu\u2019ils ne sont pas pr\u00eats. On a beau voir les maquettes, mais \u00e7a ne suffit pas. Il faudrait que toutes les conditions soient remplies. C\u2019est-\u00e0-dire qu\u2019il y ait des ouvertures, qu\u2019il y ait certains matches qui se d\u00e9roulent pour voir si l\u2019on peut accueillir des visiteurs \u00bb, soutient-il.<\/p>\n<div class=\"sharedaddy sd-sharing-enabled robots-nocontent sd-block sd-social sd-social-icon-text sd-sharing\">\n<h3 class=\"sd-title\">Partager\u00a0:<\/h3>\n<\/div>\n<p><h3 class=\"jp-relatedposts-headline\"><em>Articles similaires<\/em><\/h3>\n<\/p>\n<p>Auteur: Joel Abissek<br \/>\n<a href=\"https:\/\/ecomatin.net\/le-cameroun-peut-il-tenir-les-delais-de-la-caf\/\">Cliquez ici pour lire l&rsquo;article depuis sa source.<\/a><\/p>\n","protected":false},"excerpt":{"rendered":"<p>Le Comit\u00e9 local d\u2019organisation de la CAN a six mois pour achever les infrastructures. Le pr\u00e9sident de la Conf\u00e9d\u00e9ration africaine de football (CAF) a achev\u00e9 une visite de travail au Cameroun du 13 au 15 janvier 2020. Cette visite d\u2019Ahmad Ahmad relance l\u2019interrogation autour de la capacit\u00e9 du Cameroun \u00e0 abriter la CAN 2021. Les [&hellip;]<\/p>\n","protected":false},"author":1969,"featured_media":0,"comment_status":"closed","ping_status":"closed","sticky":false,"template":"","format":"standard","meta":{"fifu_image_url":"","fifu_image_alt":"","footnotes":""},"categories":[82,78],"tags":[],"class_list":["post-75861","post","type-post","status-publish","format-standard","hentry","category-cameroun","category-economie"],"_links":{"self":[{"href":"https:\/\/linitiative.ca\/International\/wp-json\/wp\/v2\/posts\/75861","targetHints":{"allow":["GET"]}}],"collection":[{"href":"https:\/\/linitiative.ca\/International\/wp-json\/wp\/v2\/posts"}],"about":[{"href":"https:\/\/linitiative.ca\/International\/wp-json\/wp\/v2\/types\/post"}],"author":[{"embeddable":true,"href":"https:\/\/linitiative.ca\/International\/wp-json\/wp\/v2\/users\/1969"}],"replies":[{"embeddable":true,"href":"https:\/\/linitiative.ca\/International\/wp-json\/wp\/v2\/comments?post=75861"}],"version-history":[{"count":0,"href":"https:\/\/linitiative.ca\/International\/wp-json\/wp\/v2\/posts\/75861\/revisions"}],"wp:attachment":[{"href":"https:\/\/linitiative.ca\/International\/wp-json\/wp\/v2\/media?parent=75861"}],"wp:term":[{"taxonomy":"category","embeddable":true,"href":"https:\/\/linitiative.ca\/International\/wp-json\/wp\/v2\/categories?post=75861"},{"taxonomy":"post_tag","embeddable":true,"href":"https:\/\/linitiative.ca\/International\/wp-json\/wp\/v2\/tags?post=75861"}],"curies":[{"name":"wp","href":"https:\/\/api.w.org\/{rel}","templated":true}]}}