{"id":75866,"date":"2020-02-12T09:00:48","date_gmt":"2020-02-12T14:00:48","guid":{"rendered":"https:\/\/linitiative.ca\/International\/les-livres-jeunesse-tres-presents-au-siel-un-contenu-de-qualite-vante-avec-assurance\/"},"modified":"2020-02-12T09:00:48","modified_gmt":"2020-02-12T14:00:48","slug":"les-livres-jeunesse-tres-presents-au-siel-un-contenu-de-qualite-vante-avec-assurance","status":"publish","type":"post","link":"https:\/\/linitiative.ca\/International\/les-livres-jeunesse-tres-presents-au-siel-un-contenu-de-qualite-vante-avec-assurance\/","title":{"rendered":"Les livres jeunesse tr\u00e8s pr\u00e9sents au Siel : Un contenu de qualit\u00e9 vant\u00e9 avec assurance"},"content":{"rendered":"<p><img decoding=\"async\" class=\"post_layout_5_img\" src=\"http:\/\/aujourdhui.ma\/wp-content\/uploads\/2020\/02\/Siel-Les-livres-jeunesse.jpg?x29840\" alt=\"Les livres jeunesse tr\u00e8s pr\u00e9sents au Siel : Un contenu de qualit\u00e9 vant\u00e9 avec assurance\"\/><\/p>\n<p class=\"p1\"><span class=\"c4\"><strong><span class=\"s1\"><em>Les livres\u00a0<\/em><\/span><span class=\"s1\"><em>jeunesse marocains sont-ils de qualit\u00e9? La question se pose \u00e0 la vue du grand nombre de ces publications dans les stands du Salon international de l\u2019\u00e9dition et du livre (Siel). Le tour de maisons d\u2019\u00e9dition nationales, dans cet espace, laisse voir un effort int\u00e9ressant quant au contenu de ces \u0153uvres, notamment en termes d\u2019illustrations.<\/em><\/span><\/strong><\/span> <span id=\"more-332966\"\/><\/p>\n<p class=\"p1\"><span class=\"c5\"><span class=\"s1\"><strong>Appel aux sp\u00e9cialistes de sciences\u00a0<\/strong><\/span><span class=\"s1\"><strong>de l\u2019\u00e9ducation<\/strong><\/span><\/span><\/p>\n<p><a href=\"http:\/\/aujourdhui.ma\/wp-content\/uploads\/2020\/02\/Livre-enfants.jpg?x29840\"><img loading=\"lazy\" decoding=\"async\" class=\"size-full wp-image-332968 aligncenter\" src=\"http:\/\/aujourdhui.ma\/wp-content\/uploads\/2020\/02\/Livre-enfants.jpg?x29840\" alt=\"\" width=\"746\" height=\"380\" srcset=\"http:\/\/aujourdhui.ma\/wp-content\/uploads\/2020\/02\/Livre-enfants.jpg 746w, http:\/\/aujourdhui.ma\/wp-content\/uploads\/2020\/02\/Livre-enfants-300x153.jpg 300w\" sizes=\"auto, (max-width: 746px) 100vw, 746px\"\/><\/a><\/p>\n<p class=\"p3\"><span class=\"s2\">Pour concevoir ces livres, Amina Hachimi Alaoui, directrice de la maison d\u2019\u00e9dition \u00ab Yanboua El Kitab\u00bb, pr\u00e9cise recourir \u00e0 \u00abdes sp\u00e9cialistes de sciences de l\u2019\u00e9ducation\u00bb. Au salon, elle pr\u00e9sente ces livres, faits avec ces experts et dot\u00e9s d\u2019un accompagnement p\u00e9dagogique, \u00e0 seulement 10 DH. <em>\u00abJe fais des livres de qualit\u00e9\u00bb,<\/em> encha\u00eene-t-elle avec assez d\u2019assurance. A propos de ces livres, Mme Alaoui indique que c\u2019est un \u00abnouveau\u00bb concept qui rentre dans le cadre de \u00abla caravane de la lecture solidaire\u00bb. Outre d\u2019autres publications et actions, cette offre consiste en packs de 11 livres en arabe et fran\u00e7ais abordant des th\u00e8mes porteurs \u00e0 l\u2019instar de la famille, la jalousie, des 5 sens de l\u2019\u00e9cologie et l\u2019hygi\u00e8ne dentaire. <em>\u00abA 110 DH, un enfant peut s\u2019acheter deux bo\u00eetes de livres, comme \u00e7a il rentre avec une librairie chez lui\u00bb.<\/em> Et ce n\u2019est pas tout. La directrice a de bons \u00e9chos au cours de l\u2019\u00e9v\u00e9nement. <em>\u00abLes parents ach\u00e8tent et nous remercient pour la qualit\u00e9\u00bb.<\/em> Par l\u2019occasion, l\u2019oratrice indique vendre entre 600 et 1.000 livres par jour pendant le salon. <em>\u00abAvant, quand je mettais le prix de 50 \u00e0 100 DH, je ne vendais que 30 livres \u00e0 peu pr\u00e8s lors de cette manifestation\u00bb.<\/em> Cependant, elle estime que le m\u00e9tier est <em>\u00abfrustrant au Maroc\u00bb<\/em>. Un propos qu\u2019elle justifie par l\u2019envie de faire de la qualit\u00e9 au niveau de l\u2019\u00e9criture, la pr\u00e9sentation et l\u2019illustration.<\/span><\/p>\n<p class=\"p1\"><span class=\"s1 c5\"><strong>Pas d\u2019illustrateurs\u00a0<\/strong><\/span><span class=\"s1\"><strong><span class=\"c5\">au Maroc<\/span><\/strong><\/span><\/p>\n<p><a href=\"http:\/\/aujourdhui.ma\/wp-content\/uploads\/2020\/02\/Livre-lorange-bleue.jpg?x29840\"><img loading=\"lazy\" decoding=\"async\" class=\"size-full wp-image-332969 aligncenter\" src=\"http:\/\/aujourdhui.ma\/wp-content\/uploads\/2020\/02\/Livre-lorange-bleue.jpg?x29840\" alt=\"\" width=\"400\" height=\"551\" srcset=\"http:\/\/aujourdhui.ma\/wp-content\/uploads\/2020\/02\/Livre-lorange-bleue.jpg 400w, http:\/\/aujourdhui.ma\/wp-content\/uploads\/2020\/02\/Livre-lorange-bleue-218x300.jpg 218w\" sizes=\"auto, (max-width: 400px) 100vw, 400px\"\/><\/a><\/p>\n<p class=\"p1\">C\u2019est cette illustration qui semble \u00eatre un souci pour Rachid Chraibi, directeur de Marsam, une maison d\u2019\u00e9dition polyvalente qui fait \u00e9galement du livre jeunesse. <em>\u00abH\u00e9las, nous sommes oblig\u00e9s, pour l\u2019illustration, \u00e0 faire appel \u00e0 des \u00e9trangers parce qu\u2019ils ont la mani\u00e8re de faire r\u00eaver l\u2019enfant. Nous cherchons les meilleurs illustrateurs pour associer l\u2019image et le texte. C\u2019est en fait une formation et un m\u00e9tier \u00e0 d\u00e9velopper pour qu\u2019il y ait de v\u00e9ritables illustrateurs de livres de jeunesse\u00bb,<\/em> d\u00e9taille-t-il. Cependant, Marsam fait un effort sur le contenu en travaillant avec des auteurs marocains. Les sujets que cette maison traite sont inspir\u00e9s de la litt\u00e9rature orale populaire, des contes des Mille et une nuits, des r\u00eaves et des histoires d\u2019animaux. Ses publications sont faites en darija, arabe classique et fran\u00e7ais. <em>\u00abQuant \u00e0 l\u2019image, nous faisons en sorte qu\u2019elle soit authentique pour refl\u00e9ter l\u2019enfant marocain et sa civilisation vari\u00e9e\u00bb<\/em>, encha\u00eene M. Chraibi.<\/p>\n<p class=\"p1\"><span class=\"s1 c5\"><strong>\u00abL\u2019enfant voit l\u2019\u00e9criture comme image\u00bb<\/strong><\/span><\/p>\n<p><a href=\"http:\/\/aujourdhui.ma\/wp-content\/uploads\/2020\/02\/Siel-Kounouz-Editions-.jpg?x29840\"><img loading=\"lazy\" decoding=\"async\" class=\"size-full wp-image-332970 aligncenter\" src=\"http:\/\/aujourdhui.ma\/wp-content\/uploads\/2020\/02\/Siel-Kounouz-Editions-.jpg?x29840\" alt=\"\" width=\"746\" height=\"380\" srcset=\"http:\/\/aujourdhui.ma\/wp-content\/uploads\/2020\/02\/Siel-Kounouz-Editions-.jpg 746w, http:\/\/aujourdhui.ma\/wp-content\/uploads\/2020\/02\/Siel-Kounouz-Editions--300x153.jpg 300w\" sizes=\"auto, (max-width: 746px) 100vw, 746px\"\/><\/a><\/p>\n<p class=\"p1\"><span class=\"s1\">Selon Salima Fakhfakh Maalej, directrice de Kounouz, maison d\u2019\u00e9dition tunisienne ayant une filiale au Maroc, les photos et le design du livre jeunesse d\u00e9pendent de l\u2019\u00e2ge de l\u2019enfant. <em>\u00abL\u2019enfant voit l\u2019\u00e9criture comme image c\u2019est pourquoi celle-ci est importante\u00bb,<\/em> poursuit la directrice de cette maison qui \u00e9dite en arabe, fran\u00e7ais et anglais. De plus, les images d\u00e9pendent de la nature des \u0153uvres. <em>\u00abSi ce sont des livres d\u2019histoire, il faut avoir des dessinateurs sp\u00e9cialistes dans ce genre\u00bb,<\/em> illustre-t-elle.<\/span><\/p>\n<p>Auteur: Salima Guisser<br \/>\n<a href=\"http:\/\/aujourdhui.ma\/culture\/les-livres-jeunesse-tres-presents-au-siel-un-contenu-de-qualite-vante-avec-assurance\">Cliquez ici pour lire l&rsquo;article depuis sa source.<\/a><\/p>\n","protected":false},"excerpt":{"rendered":"<p>Les livres\u00a0jeunesse marocains sont-ils de qualit\u00e9? La question se pose \u00e0 la vue du grand nombre de ces publications dans les stands du Salon international de l\u2019\u00e9dition et du livre (Siel). Le tour de maisons d\u2019\u00e9dition nationales, dans cet espace, laisse voir un effort int\u00e9ressant quant au contenu de ces \u0153uvres, notamment en termes d\u2019illustrations. [&hellip;]<\/p>\n","protected":false},"author":1759,"featured_media":0,"comment_status":"closed","ping_status":"closed","sticky":false,"template":"","format":"standard","meta":{"fifu_image_url":"","fifu_image_alt":"","footnotes":""},"categories":[73,54],"tags":[],"class_list":["post-75866","post","type-post","status-publish","format-standard","hentry","category-actualite","category-maroc"],"_links":{"self":[{"href":"https:\/\/linitiative.ca\/International\/wp-json\/wp\/v2\/posts\/75866","targetHints":{"allow":["GET"]}}],"collection":[{"href":"https:\/\/linitiative.ca\/International\/wp-json\/wp\/v2\/posts"}],"about":[{"href":"https:\/\/linitiative.ca\/International\/wp-json\/wp\/v2\/types\/post"}],"author":[{"embeddable":true,"href":"https:\/\/linitiative.ca\/International\/wp-json\/wp\/v2\/users\/1759"}],"replies":[{"embeddable":true,"href":"https:\/\/linitiative.ca\/International\/wp-json\/wp\/v2\/comments?post=75866"}],"version-history":[{"count":0,"href":"https:\/\/linitiative.ca\/International\/wp-json\/wp\/v2\/posts\/75866\/revisions"}],"wp:attachment":[{"href":"https:\/\/linitiative.ca\/International\/wp-json\/wp\/v2\/media?parent=75866"}],"wp:term":[{"taxonomy":"category","embeddable":true,"href":"https:\/\/linitiative.ca\/International\/wp-json\/wp\/v2\/categories?post=75866"},{"taxonomy":"post_tag","embeddable":true,"href":"https:\/\/linitiative.ca\/International\/wp-json\/wp\/v2\/tags?post=75866"}],"curies":[{"name":"wp","href":"https:\/\/api.w.org\/{rel}","templated":true}]}}