{"id":75867,"date":"2020-02-12T09:55:08","date_gmt":"2020-02-12T14:55:08","guid":{"rendered":"https:\/\/linitiative.ca\/International\/apres-une-annee-2019-marquee-par-une-baisse-historique-dans-le-marche-de-lautomobile-le-luxe-reprend-des-forces\/"},"modified":"2020-02-12T09:55:08","modified_gmt":"2020-02-12T14:55:08","slug":"apres-une-annee-2019-marquee-par-une-baisse-historique-dans-le-marche-de-lautomobile-le-luxe-reprend-des-forces","status":"publish","type":"post","link":"https:\/\/linitiative.ca\/International\/apres-une-annee-2019-marquee-par-une-baisse-historique-dans-le-marche-de-lautomobile-le-luxe-reprend-des-forces\/","title":{"rendered":"Apr\u00e8s une ann\u00e9e 2019 marqu\u00e9e par une baisse historique dans le march\u00e9 de l\u2019automobile : Le luxe reprend des forces"},"content":{"rendered":"<p><img decoding=\"async\" class=\"post_layout_5_img\" src=\"http:\/\/aujourdhui.ma\/wp-content\/uploads\/2020\/02\/Top-3-marche%CC%81-de-l%E2%80%99automobile-.jpg?x29840\" alt=\"Apr\u00e8s une ann\u00e9e 2019 marqu\u00e9e par une baisse historique dans le march\u00e9 de l\u2019automobile : Le luxe reprend des forces\"\/><\/p>\n<p class=\"p1\"><span class=\"s1\"><span class=\"c4\"><strong>L\u2019ann\u00e9e commence bien pour les marques de voitures de luxe. Apr\u00e8s une ann\u00e9e morose pour ce segment, il s\u2019av\u00e8re que 2020 d\u00e9marre avec un regain de terrain des principales marques.<\/strong><\/span><\/span> <span id=\"more-332986\"\/><\/p>\n<p class=\"p1\"><span class=\"s1\">Les derni\u00e8res statistiques de l\u2019Association des importateurs de v\u00e9hicules au Maroc (Aivam) relatives au mois de janvier font ressortie une hausse des ventes pour les principales marques de ce segment. Dans le top 3, on retiendra la performance enregistr\u00e9e par la marque allemande Mercedes qui la propulse en haut du podium. Mercedes a \u00e9coul\u00e9 durant le premier mois de l\u2019ann\u00e9e 223 voitures (contre 159 voitures vendues en 2019), soit en hausse de 40,25%. En deuxi\u00e8me place, sa cons\u0153ur BMW a vendu 212 voitures en janvier de l\u2019ann\u00e9e en cours (contre 203 immatriculations enregistr\u00e9es durant la m\u00eame p\u00e9riode en 2019), soit + 4,43%. La troisi\u00e8me place du podium est occup\u00e9e quant \u00e0 elle par Audi avec 170 voitures \u00e9coul\u00e9es au premier mois de l\u2019ann\u00e9e (contre 122 immatriculations enregistr\u00e9es en janvier 2019), une hausse de 39,34% par rapport \u00e0 la m\u00eame p\u00e9riode en 2019.\u00a0<\/span><\/p>\n<p class=\"p3\"><span class=\"s1\"><strong>L\u00e9g\u00e8re baisse des ventes: \u2013 1,15% enregistr\u00e9 au 1er mois de l\u2019ann\u00e9e 2020\u00a0<\/strong><\/span><\/p>\n<p class=\"p1\"><span class=\"s1\">Globalement, le premier mois de l\u2019ann\u00e9e 2020 est marqu\u00e9 par une baisse de -1,15 % des ventes de voitures neuves par rapport \u00e0 la m\u00eame p\u00e9riode en 2019. Selon les derniers chiffres d\u00e9voil\u00e9s par l\u2019Aivam sur les ventes automobiles pour le mois de janvier 2020, il semblerait que 12.504 immatriculations ont \u00e9t\u00e9 \u00e9coul\u00e9es durant le 1er mois de l\u2019ann\u00e9e en cours contre 12. 649 voitures vendues sur la m\u00eame p\u00e9riode de l\u2019ann\u00e9e pass\u00e9e. Dans le d\u00e9tail, le segment des voitures particuliers (VP) compte une baisse de -3,61% avec 11.189 v\u00e9hicules vendus en janvier 2020 contre 11.608 v\u00e9hicules \u00e9coul\u00e9s en janvier 2019. De son c\u00f4t\u00e9, le segment des v\u00e9hicules utilitaires l\u00e9gers (VUL) affiche une bonne mine avec une croissance de 26,32%. En janvier 2020, 1.315 v\u00e9hicules utilitaires l\u00e9gers ont \u00e9t\u00e9 vendus contre 1.041 v\u00e9hicules durant la m\u00eame p\u00e9riode de l\u2019ann\u00e9e derni\u00e8re.<\/span><\/p>\n<p class=\"p3\"><span class=\"s1\"><strong>Dacia garde sa premi\u00e8re place au sommet du top 5<\/strong><\/span><\/p>\n<p class=\"p1\"><span class=\"s1\">Par marque, Dacia est ind\u00e9tr\u00f4nable. Elle confirme son positionnement en d\u00e9marrant l\u2019ann\u00e9e avec 3.392 voitures vendues et une part de march\u00e9 (PDM) de 30,32%, et malgr\u00e9 la baisse de ses ventes compar\u00e9 \u00e0 la m\u00eame p\u00e9riode de l\u2019ann\u00e9e pr\u00e9c\u00e9dente (-6,4%). Sans surprise, la deuxi\u00e8me place revient \u00e0 Renault avec 1.638 immatriculations<span class=\"Apple-converted-space\">\u00a0<\/span> pendant le mois de janvier 2020 contre 1.261 voitures vendues en janvier 2019, marquant une progression de 29,9%. Sa part de march\u00e9 est de 14,64%. La troisi\u00e8me place est occup\u00e9e par Hyundai avec 929 ventes de VP au premier mois de l\u2019ann\u00e9e contre 1.001 immatriculations en janvier 2019, enregistrant un recul de -7,19% de ses ventes. Elle est suivie de la marque fran\u00e7aise Peugeot qui a vendu 767 VP en janvier 2020 contre 999 sur la m\u00eame p\u00e9riode de l\u2019ann\u00e9e pass\u00e9e, enregistrant une baisse de -23,22%. Elle d\u00e9tient une part de march\u00e9 de 14,64%.<\/span><\/p>\n<p class=\"p1\"><span class=\"s1\">La marque allemande Volkswagen est cinqui\u00e8me avec 765 voitures \u00e9coul\u00e9es au premier mois de l\u2019ann\u00e9e en cours contre 632 VP vendus en janvier 2019. La marque sort du lot avec des ventes en progression de 21,04%. Elle d\u00e9tient une part de march\u00e9 de 6,84%.<\/span><\/p>\n<p>Auteur: Ouchagour Leila<br \/>\n<a href=\"http:\/\/aujourdhui.ma\/automobile\/apres-une-annee-2019-marquee-par-une-baisse-historique-dans-le-marche-de-lautomobile-le-luxe-reprend-des-forces\">Cliquez ici pour lire l&rsquo;article depuis sa source.<\/a><\/p>\n","protected":false},"excerpt":{"rendered":"<p>L\u2019ann\u00e9e commence bien pour les marques de voitures de luxe. Apr\u00e8s une ann\u00e9e morose pour ce segment, il s\u2019av\u00e8re que 2020 d\u00e9marre avec un regain de terrain des principales marques. Les derni\u00e8res statistiques de l\u2019Association des importateurs de v\u00e9hicules au Maroc (Aivam) relatives au mois de janvier font ressortie une hausse des ventes pour les [&hellip;]<\/p>\n","protected":false},"author":1759,"featured_media":0,"comment_status":"closed","ping_status":"closed","sticky":false,"template":"","format":"standard","meta":{"fifu_image_url":"","fifu_image_alt":"","footnotes":""},"categories":[73,54],"tags":[],"class_list":["post-75867","post","type-post","status-publish","format-standard","hentry","category-actualite","category-maroc"],"_links":{"self":[{"href":"https:\/\/linitiative.ca\/International\/wp-json\/wp\/v2\/posts\/75867","targetHints":{"allow":["GET"]}}],"collection":[{"href":"https:\/\/linitiative.ca\/International\/wp-json\/wp\/v2\/posts"}],"about":[{"href":"https:\/\/linitiative.ca\/International\/wp-json\/wp\/v2\/types\/post"}],"author":[{"embeddable":true,"href":"https:\/\/linitiative.ca\/International\/wp-json\/wp\/v2\/users\/1759"}],"replies":[{"embeddable":true,"href":"https:\/\/linitiative.ca\/International\/wp-json\/wp\/v2\/comments?post=75867"}],"version-history":[{"count":0,"href":"https:\/\/linitiative.ca\/International\/wp-json\/wp\/v2\/posts\/75867\/revisions"}],"wp:attachment":[{"href":"https:\/\/linitiative.ca\/International\/wp-json\/wp\/v2\/media?parent=75867"}],"wp:term":[{"taxonomy":"category","embeddable":true,"href":"https:\/\/linitiative.ca\/International\/wp-json\/wp\/v2\/categories?post=75867"},{"taxonomy":"post_tag","embeddable":true,"href":"https:\/\/linitiative.ca\/International\/wp-json\/wp\/v2\/tags?post=75867"}],"curies":[{"name":"wp","href":"https:\/\/api.w.org\/{rel}","templated":true}]}}