{"id":75869,"date":"2020-02-12T06:09:26","date_gmt":"2020-02-12T11:09:26","guid":{"rendered":"https:\/\/linitiative.ca\/International\/taxi-expo-la-cinquieme-edition-a-tanger\/"},"modified":"2020-02-12T06:09:26","modified_gmt":"2020-02-12T11:09:26","slug":"taxi-expo-la-cinquieme-edition-a-tanger","status":"publish","type":"post","link":"https:\/\/linitiative.ca\/International\/taxi-expo-la-cinquieme-edition-a-tanger\/","title":{"rendered":"Taxi Expo: la cinqui\u00e8me \u00e9dition \u00e0 Tanger"},"content":{"rendered":"<p class=\"has-text-color c2\"><strong>Apr\u00e8s le succ\u00e8s des pr\u00e9c\u00e9dentes \u00e9ditions de Taxi Expo dans les villes de Casablanca et Agadir qui ont \u00e9t\u00e9 marqu\u00e9es par la forte pr\u00e9sence des professionnels du secteur, et en r\u00e9ponse \u00e0 la grande demande de renouvellement des taxis dans certaines villes du Royaume, la 5<\/strong><sup><strong>e<\/strong><\/sup><strong>\u00e9dition du Salon Taxi Expo se tiendra cette ann\u00e9e \u00e0 Tanger du 13 au 16 f\u00e9vrier 2020 dans le parking de\u00a0l\u2019embl\u00e9matique Villa Harris.<\/strong><\/p>\n<p>Suite \u00e0 la d\u00e9cision de l\u2019\u00e9tat de d\u00e9bloquer des subventions d\u2019un montant de 2 Milliard de dirhams afin que les taximen puissent en b\u00e9n\u00e9ficier \u00e0 partir de janvier 2020, Taxi Expo est l\u2019occasion idoine pour \u00a0d\u00e9couvrir tous les mod\u00e8les adapt\u00e9s \u00e0 leur activit\u00e9. En plus des concessionnaires automobiles, Taxi Expo se caract\u00e9rise \u00e9galement par la r\u00e9union dans un seul espace des organismes de financement, de compagnies d\u2019assurance, de p\u00e9troliers, de soci\u00e9t\u00e9s de services, de pneumatiques, etc.<\/p>\n<p>Notons que le taux de renouvellement des taxis \u00e0 Tanger est de 23% pour les petits taxis et de 48% pour les grands. Ces chiffres traduisent un besoin auquel peuvent r\u00e9pondre concessionnaires automobiles ainsi que les autres op\u00e9rateurs. Conjugu\u00e9 \u00e0 la volont\u00e9 et au soutien qu\u2019affiche l\u2019Etat,\u00a0 diff\u00e9rentes solutions se profilent aux taximen facilitant le renouvellement de leur outil de travail. Ainsi, Taxi Expo pourrait \u00eatre le lieu qui offrira aux taximen la possibilit\u00e9 de sortir avec une solution cl\u00e9 en main.<\/p>\n<p class=\"c3\"><strong>Aimen Bouzoggaghe<\/strong><\/p>\n<p>Auteur: M&rsquo;hammed rahal<br \/>\n<a href=\"http:\/\/albayane.press.ma\/taxi-expo-la-cinquieme-edition-a-tanger.html\">Cliquez ici pour lire l&rsquo;article depuis sa source.<\/a><\/p>\n","protected":false},"excerpt":{"rendered":"<p>Apr\u00e8s le succ\u00e8s des pr\u00e9c\u00e9dentes \u00e9ditions de Taxi Expo dans les villes de Casablanca et Agadir qui ont \u00e9t\u00e9 marqu\u00e9es par la forte pr\u00e9sence des professionnels du secteur, et en r\u00e9ponse \u00e0 la grande demande de renouvellement des taxis dans certaines villes du Royaume, la 5e\u00e9dition du Salon Taxi Expo se tiendra cette ann\u00e9e \u00e0 [&hellip;]<\/p>\n","protected":false},"author":1760,"featured_media":0,"comment_status":"closed","ping_status":"closed","sticky":false,"template":"","format":"standard","meta":{"fifu_image_url":"","fifu_image_alt":"","footnotes":""},"categories":[73,54],"tags":[],"class_list":["post-75869","post","type-post","status-publish","format-standard","hentry","category-actualite","category-maroc"],"_links":{"self":[{"href":"https:\/\/linitiative.ca\/International\/wp-json\/wp\/v2\/posts\/75869","targetHints":{"allow":["GET"]}}],"collection":[{"href":"https:\/\/linitiative.ca\/International\/wp-json\/wp\/v2\/posts"}],"about":[{"href":"https:\/\/linitiative.ca\/International\/wp-json\/wp\/v2\/types\/post"}],"author":[{"embeddable":true,"href":"https:\/\/linitiative.ca\/International\/wp-json\/wp\/v2\/users\/1760"}],"replies":[{"embeddable":true,"href":"https:\/\/linitiative.ca\/International\/wp-json\/wp\/v2\/comments?post=75869"}],"version-history":[{"count":0,"href":"https:\/\/linitiative.ca\/International\/wp-json\/wp\/v2\/posts\/75869\/revisions"}],"wp:attachment":[{"href":"https:\/\/linitiative.ca\/International\/wp-json\/wp\/v2\/media?parent=75869"}],"wp:term":[{"taxonomy":"category","embeddable":true,"href":"https:\/\/linitiative.ca\/International\/wp-json\/wp\/v2\/categories?post=75869"},{"taxonomy":"post_tag","embeddable":true,"href":"https:\/\/linitiative.ca\/International\/wp-json\/wp\/v2\/tags?post=75869"}],"curies":[{"name":"wp","href":"https:\/\/api.w.org\/{rel}","templated":true}]}}