{"id":75870,"date":"2020-02-12T06:13:34","date_gmt":"2020-02-12T11:13:34","guid":{"rendered":"https:\/\/linitiative.ca\/International\/psa-poursuit-le-deploiement-de-son-ecosysteme-complet-au-maroc\/"},"modified":"2020-02-12T06:13:34","modified_gmt":"2020-02-12T11:13:34","slug":"psa-poursuit-le-deploiement-de-son-ecosysteme-complet-au-maroc","status":"publish","type":"post","link":"https:\/\/linitiative.ca\/International\/psa-poursuit-le-deploiement-de-son-ecosysteme-complet-au-maroc\/","title":{"rendered":"PSA poursuit le d\u00e9ploiement de son \u00e9cosyst\u00e8me complet au Maroc"},"content":{"rendered":"<p class=\"has-text-color c2\"><strong>Le Groupe PSA continue de d\u00e9ployer son \u00e9cosyst\u00e8me complet au Maroc conform\u00e9ment \u00e0 ses engagements. Le Groupe a annonc\u00e9 en septembre 2018 sa d\u00e9cision de doubler la capacit\u00e9 de l\u2019usine de Kenitra \u00e0 200.000 unit\u00e9s d\u00e8s mi-2020, en avance de 3 ans sur son engagement initial.<\/strong><\/p>\n<p>Confiant dans la comp\u00e9titivit\u00e9 du Royaume, le Groupe PSA s\u2019est engag\u00e9 \u00e0 faire du Maroc une base de sourcing pour son dispositif industriel international, en achetant pour 1 milliard d\u2019euros de composants automobiles en 2022.<\/p>\n<p>Le Groupe PSA a d\u00e9marr\u00e9 la production de la nouvelle Peugeot 208 en septembre 2019 avec un taux d\u2019int\u00e9gration locale record de plus de 60% avec une ambition d\u2019atteindre les 80% \u00e0 terme.<\/p>\n<p>Le Groupe PSA assemble des moteurs en s\u00e9rie dans son usine de Kenitra au Maroc depuis fin 2018 conform\u00e9ment \u00e0 ses engagements, avec une capacit\u00e9 de production install\u00e9e de 100.000 moteurs\/an dans une premi\u00e8re phase.<\/p>\n<p>Par ailleurs, le Groupe PSA s\u2019est engag\u00e9 dans son accord avec le Royaume \u00e0 g\u00e9n\u00e9rer plus de 1.500 emplois en recherche et d\u00e9veloppement, objectif d\u00e9pass\u00e9 d\u00e8s l\u2019ann\u00e9e 2018. Ces \u00e9quipes seront capables \u00e0 terme de d\u00e9velopper un v\u00e9hicule complet.<\/p>\n<p class=\"c3\"><strong>Aimen Bouzoggaghe<\/strong><\/p>\n<p>Auteur: M&rsquo;hammed rahal<br \/>\n<a href=\"http:\/\/albayane.press.ma\/psa-poursuit-le-deploiement-de-son-ecosysteme-complet-au-maroc.html\">Cliquez ici pour lire l&rsquo;article depuis sa source.<\/a><\/p>\n","protected":false},"excerpt":{"rendered":"<p>Le Groupe PSA continue de d\u00e9ployer son \u00e9cosyst\u00e8me complet au Maroc conform\u00e9ment \u00e0 ses engagements. Le Groupe a annonc\u00e9 en septembre 2018 sa d\u00e9cision de doubler la capacit\u00e9 de l\u2019usine de Kenitra \u00e0 200.000 unit\u00e9s d\u00e8s mi-2020, en avance de 3 ans sur son engagement initial. Confiant dans la comp\u00e9titivit\u00e9 du Royaume, le Groupe PSA [&hellip;]<\/p>\n","protected":false},"author":1760,"featured_media":0,"comment_status":"closed","ping_status":"closed","sticky":false,"template":"","format":"standard","meta":{"fifu_image_url":"","fifu_image_alt":"","footnotes":""},"categories":[73,54],"tags":[],"class_list":["post-75870","post","type-post","status-publish","format-standard","hentry","category-actualite","category-maroc"],"_links":{"self":[{"href":"https:\/\/linitiative.ca\/International\/wp-json\/wp\/v2\/posts\/75870","targetHints":{"allow":["GET"]}}],"collection":[{"href":"https:\/\/linitiative.ca\/International\/wp-json\/wp\/v2\/posts"}],"about":[{"href":"https:\/\/linitiative.ca\/International\/wp-json\/wp\/v2\/types\/post"}],"author":[{"embeddable":true,"href":"https:\/\/linitiative.ca\/International\/wp-json\/wp\/v2\/users\/1760"}],"replies":[{"embeddable":true,"href":"https:\/\/linitiative.ca\/International\/wp-json\/wp\/v2\/comments?post=75870"}],"version-history":[{"count":0,"href":"https:\/\/linitiative.ca\/International\/wp-json\/wp\/v2\/posts\/75870\/revisions"}],"wp:attachment":[{"href":"https:\/\/linitiative.ca\/International\/wp-json\/wp\/v2\/media?parent=75870"}],"wp:term":[{"taxonomy":"category","embeddable":true,"href":"https:\/\/linitiative.ca\/International\/wp-json\/wp\/v2\/categories?post=75870"},{"taxonomy":"post_tag","embeddable":true,"href":"https:\/\/linitiative.ca\/International\/wp-json\/wp\/v2\/tags?post=75870"}],"curies":[{"name":"wp","href":"https:\/\/api.w.org\/{rel}","templated":true}]}}