{"id":75873,"date":"2020-02-12T13:03:58","date_gmt":"2020-02-12T18:03:58","guid":{"rendered":"https:\/\/linitiative.ca\/International\/labsence-des-salles-de-cinema-principal-obstacle-a-sa-relance\/"},"modified":"2020-02-12T13:03:58","modified_gmt":"2020-02-12T18:03:58","slug":"labsence-des-salles-de-cinema-principal-obstacle-a-sa-relance","status":"publish","type":"post","link":"https:\/\/linitiative.ca\/International\/labsence-des-salles-de-cinema-principal-obstacle-a-sa-relance\/","title":{"rendered":"L&rsquo;absence des salles de cin\u00e9ma, principal obstacle \u00e0 sa relance"},"content":{"rendered":"<div>\n<div class=\"K2FeedImage\"><img decoding=\"async\" src=\"http:\/\/www.aps.dz\/media\/k2\/items\/cache\/f808dd0a45e6046f8b9f585e302b1f75_S.jpg\" alt=\"L'absence des salles de cin\u00e9ma, principal obstacle \u00e0 sa relance\"><\/div>\n<div class=\"K2FeedIntroText\">\n<p><strong>ALGER &#8211; Producteurs, techniciens du cin\u00e9ma et animateurs de cin\u00e9-clubs ont appel\u00e9, mardi \u00e0 Alger, \u00e0 r\u00e9cup\u00e9rer les salles de cin\u00e9ma, \u00e0 mettre en place des r\u00e9seaux de distribution de films et \u00e0 cr\u00e9er des espaces de travail d\u00e9di\u00e9s cin\u00e9-clubs en vue de relancer concr\u00e8tement le cin\u00e9ma en Alg\u00e9rie.<\/strong><\/p>\n<\/div>\n<div class=\"K2FeedFullText\">\n<p>S&rsquo;exprimant lors d&rsquo;une rencontre sur le cin\u00e9ma, organis\u00e9e sur trois jours, par le minist\u00e8re de la Culture et pr\u00e9sid\u00e9e par le secr\u00e9taire d&rsquo;Etat charg\u00e9 de l&rsquo;Industrie cin\u00e9matographique Bachir Youcef Sehairi, des animateurs de cin\u00e9-clubs ont point\u00e9 l'\u00a0\u00bbabsence\u00a0\u00bb de salles de cin\u00e9ma et la v\u00e9tust\u00e9 du mat\u00e9riel de projection qui entravent, estiment-ils toute vell\u00e9it\u00e9 de relance du secteur.<\/p>\n<p>Les participants ont demand\u00e9 de meilleures conditions de projection, la r\u00e9ouverture des salles inexploit\u00e9es actives et la \u00ab\u00a0revitalisation\u00a0\u00bb des espaces existants. Ils pr\u00e9conisent \u00e9galement\u00a0 l&rsquo;organisation d&rsquo;ateliers de formation pour les cin\u00e9astes amateurs et appellent \u00e0 \u00ab\u00a0r\u00e9gler sans d\u00e9lais\u00a0\u00bb le probl\u00e8me des visas d&rsquo;exploitation des films alg\u00e9riens, une proc\u00e9dure qu&rsquo;il juge \u00ab\u00a0lourde\u00a0\u00bb et restrictive pour la libert\u00e9 de cr\u00e9er.<\/p>\n<p>Dans une s\u00e9ance d\u00e9di\u00e9e aux producteurs et distributeurs, les participants avaient \u00e9voqu\u00e9 la n\u00e9cessit\u00e9 de r\u00e9cup\u00e9rer les nombreuses \u00ab\u00a0salles de cin\u00e9ma g\u00e9r\u00e9es par les collectivit\u00e9s locales et celles d\u00e9tourn\u00e9es de leur vocation\u00a0\u00bb. Ils souhaitent par ailleurs la mise en place de programme de distribution pour d\u00e9velopper une industrie cin\u00e9matographique \u00ab\u00a0tourn\u00e9e vers la rentabilit\u00e9\u00a0\u00bb.<\/p>\n<p>Bachir Youcef Sehairi avait indiqu\u00e9 que le secr\u00e9tariat d&rsquo;Etat \u0153uvrait \u00e0 \u00ab\u00a0trouver des solutions au probl\u00e8me de r\u00e9cup\u00e9ration et d&rsquo;exploitation des salles de projection\u00a0\u00bb.<\/p>\n<p>Des cin\u00e9astes ont \u00e9galement relev\u00e9 les \u00ab\u00a0proc\u00e9dures administratives et bureaucratiques lourdes\u00a0\u00bb auxquelles obligatoires est astreinte la production cin\u00e9matographique, citant en particulier les autorisations de tournage exig\u00e9es aux r\u00e9alisateurs.<\/p>\n<hr>\n<h3>Lire aussi:\u00a0<a href=\"http:\/\/www.aps.dz\/culture\/101383-la-distribution-cinematographique-maillon-faible-de-la-production\" target=\"_blank\" rel=\"noopener noreferrer\">La distribution cin\u00e9matographique, maillon faible de la production<\/a><\/h3>\n<hr>\n<p>Producteurs et associations activant dans le cin\u00e9ma ont demand\u00e9 de leur c\u00f4t\u00e9 des m\u00e9canismes d&rsquo;encouragement au court m\u00e9trage et au film documentaire, ainsi que la multiplication des ateliers de formation et d&rsquo;\u00e9criture cin\u00e9matographiques en associant les professionnels alg\u00e9riens.<\/p>\n<p>Les participants ont regrett\u00e9 l&rsquo;absence de \u00ab\u00a0grands noms du cin\u00e9ma\u00a0\u00bb alg\u00e9rien ainsi que l&rsquo;absence d&rsquo;une s\u00e9ance d\u00e9di\u00e9e aux r\u00e9alisateurs, acteurs et sc\u00e9naristes.<\/p>\n<p>Pr\u00e9sente lors de la journ\u00e9e de lundi, la ministre de la Culture Malika Bendouda a r\u00e9it\u00e9r\u00e9 la volont\u00e9 politique exprim\u00e9e au plus haut niveau de l&rsquo;Etat pour d\u00e9velopper le cin\u00e9ma et qui s&rsquo;est traduite la cr\u00e9ation du secr\u00e9tariat d&rsquo;Etat charg\u00e9 de l&rsquo;Industrie cin\u00e9matographique, a-t-elle rappel\u00e9.<\/p>\n<p>Son d\u00e9partement-t-elle affirm\u00e9, accorde une \u00ab\u00a0attention particuli\u00e8re \u00e0 la formation\u00a0\u00bb.<\/p>\n<p>Aux c\u00f4t\u00e9s de la ministre de la Culture et du secr\u00e9taire d&rsquo;Etat charg\u00e9 de l&rsquo;Industrie cin\u00e9matographique, des membres du gouvernement ont assist\u00e9 \u00e0 ses rencontres.<\/p>\n<\/div>\n<\/div>\n<p>Auteur:<br \/>\n<a href=\"http:\/\/www.aps.dz\/culture\/101512-l-absence-des-salles-de-cinema-principal-obstacle-a-sa-relance\">Cliquez ici pour lire l&rsquo;article depuis sa source.<\/a><\/p>\n","protected":false},"excerpt":{"rendered":"<p>ALGER &#8211; Producteurs, techniciens du cin\u00e9ma et animateurs de cin\u00e9-clubs ont appel\u00e9, mardi \u00e0 Alger, \u00e0 r\u00e9cup\u00e9rer les salles de cin\u00e9ma, \u00e0 mettre en place des r\u00e9seaux de distribution de films et \u00e0 cr\u00e9er des espaces de travail d\u00e9di\u00e9s cin\u00e9-clubs en vue de relancer concr\u00e8tement le cin\u00e9ma en Alg\u00e9rie. S&rsquo;exprimant lors d&rsquo;une rencontre sur le [&hellip;]<\/p>\n","protected":false},"author":1790,"featured_media":75874,"comment_status":"closed","ping_status":"closed","sticky":false,"template":"","format":"standard","meta":{"fifu_image_url":"","fifu_image_alt":"","footnotes":""},"categories":[53,79],"tags":[],"class_list":["post-75873","post","type-post","status-publish","format-standard","has-post-thumbnail","hentry","category-algerie","category-culture"],"_links":{"self":[{"href":"https:\/\/linitiative.ca\/International\/wp-json\/wp\/v2\/posts\/75873","targetHints":{"allow":["GET"]}}],"collection":[{"href":"https:\/\/linitiative.ca\/International\/wp-json\/wp\/v2\/posts"}],"about":[{"href":"https:\/\/linitiative.ca\/International\/wp-json\/wp\/v2\/types\/post"}],"author":[{"embeddable":true,"href":"https:\/\/linitiative.ca\/International\/wp-json\/wp\/v2\/users\/1790"}],"replies":[{"embeddable":true,"href":"https:\/\/linitiative.ca\/International\/wp-json\/wp\/v2\/comments?post=75873"}],"version-history":[{"count":0,"href":"https:\/\/linitiative.ca\/International\/wp-json\/wp\/v2\/posts\/75873\/revisions"}],"wp:featuredmedia":[{"embeddable":true,"href":"https:\/\/linitiative.ca\/International\/wp-json\/"}],"wp:attachment":[{"href":"https:\/\/linitiative.ca\/International\/wp-json\/wp\/v2\/media?parent=75873"}],"wp:term":[{"taxonomy":"category","embeddable":true,"href":"https:\/\/linitiative.ca\/International\/wp-json\/wp\/v2\/categories?post=75873"},{"taxonomy":"post_tag","embeddable":true,"href":"https:\/\/linitiative.ca\/International\/wp-json\/wp\/v2\/tags?post=75873"}],"curies":[{"name":"wp","href":"https:\/\/api.w.org\/{rel}","templated":true}]}}